{"id":68364,"date":"2021-05-04T17:19:11","date_gmt":"2021-05-04T17:19:11","guid":{"rendered":"https:\/\/sertv.gob.pa\/nacionalfm\/?p=68364"},"modified":"2021-05-04T17:19:11","modified_gmt":"2021-05-04T17:19:11","slug":"un-nuevo-mapa-del-polo-sur-de-la-luna-servira-para-misiones-de-exploracion","status":"publish","type":"post","link":"https:\/\/sertv.gob.pa\/nacionalfm\/un-nuevo-mapa-del-polo-sur-de-la-luna-servira-para-misiones-de-exploracion\/","title":{"rendered":"Un nuevo mapa del polo sur de la Luna servir\u00e1 para misiones de exploraci\u00f3n"},"content":{"rendered":"<p><strong><em>Ciencia, (EFE).- <\/em><\/strong><\/p>\n<p>&nbsp;<\/p>\n<p>Un nuevo mapa del polo sur de la Luna identifica las caracter\u00edsticas geol\u00f3gicas de la cuenca de Schr\u00f6dinger, considerada una zona importante desde el punto de vista cient\u00edfico, y traza varias propuestas de ruta que un d\u00eda podr\u00e1n seguir los rovers en misiones de exploraci\u00f3n de ese lugar.<\/p>\n<p>El mapa, que publica The Planetary Science Journal y es obra de investigadores de la Universidad de Arkansas (EE.UU.), marca tres posibles rutas para recorrer la cuenca de Schr\u00f6dinger en busca de rocas.<\/p>\n<p>La de Schr\u00f6dinger, situada cerca del polo sur, es la segunda cuenca de impacto m\u00e1s joven de la Luna e incluye diversos rasgos de la corteza y tipos de roca que son importantes para entender la historia geol\u00f3gica de nuestro sat\u00e9lite.<\/p>\n<p>La autora principal del estudio, Ellen Czaplinski, destac\u00f3 que algunas de las caracter\u00edsticas f\u00edsicas de las roca (litolog\u00edas) de esta cuenca pueden proceder de las profundidades de la superficie de la Luna, por lo que \u00abinvestigarlas de cerca es extremadamente importante para responder a objetivos cient\u00edficos de alta prioridad\u00bb.<\/p>\n<p>El Consejo Nacional de Investigaci\u00f3n de Estados Unidos esboz\u00f3 en 2007 los objetivos cient\u00edficos y las metas de las futuras misiones lunares, incluida la exploraci\u00f3n de la cuenca del Polo Sur-Aitken, la cuenca de impacto m\u00e1s antigua y profunda de la Luna.<\/p>\n<p>La cuenca de Schr\u00f6dinger, que est\u00e1 dentro de la Aitken, presenta una oportunidad \u00fanica para estudiar rocas que posiblemente se originaron en las profundidades de la superficie, dijo Czaplinski.<\/p>\n<p>Muchos de estos tipos de roca est\u00e1n expuestos a lo largo de varios kil\u00f3metros de longitud de afloramientos rocosos en el anillo del pico de Schr\u00f6dinger, que se form\u00f3 con la cuenca.<\/p>\n<p>El muestreo de estas rocas tiene, seg\u00fan la experta, \u00abun alto potencial cient\u00edfico para comprender mejor el contexto de las litolog\u00edas de Schr\u00f6dinger\u00bb.<\/p>\n<p>&nbsp;<\/p>\n<p>Fuente: EFE<\/p>\n","protected":false},"excerpt":{"rendered":"<p>Ciencia, (EFE).- &nbsp; Un nuevo mapa del polo sur de <a href=\"https:\/\/sertv.gob.pa\/nacionalfm\/un-nuevo-mapa-del-polo-sur-de-la-luna-servira-para-misiones-de-exploracion\/\"> [&#8230;]<\/a><\/p>\n","protected":false},"author":9,"featured_media":68365,"comment_status":"closed","ping_status":"closed","sticky":false,"template":"","format":"standard","meta":{"footnotes":""},"categories":[3],"tags":[],"class_list":["post-68364","post","type-post","status-publish","format-standard","has-post-thumbnail","hentry","category-internacionales"],"_links":{"self":[{"href":"https:\/\/sertv.gob.pa\/nacionalfm\/wp-json\/wp\/v2\/posts\/68364","targetHints":{"allow":["GET"]}}],"collection":[{"href":"https:\/\/sertv.gob.pa\/nacionalfm\/wp-json\/wp\/v2\/posts"}],"about":[{"href":"https:\/\/sertv.gob.pa\/nacionalfm\/wp-json\/wp\/v2\/types\/post"}],"author":[{"embeddable":true,"href":"https:\/\/sertv.gob.pa\/nacionalfm\/wp-json\/wp\/v2\/users\/9"}],"replies":[{"embeddable":true,"href":"https:\/\/sertv.gob.pa\/nacionalfm\/wp-json\/wp\/v2\/comments?post=68364"}],"version-history":[{"count":1,"href":"https:\/\/sertv.gob.pa\/nacionalfm\/wp-json\/wp\/v2\/posts\/68364\/revisions"}],"predecessor-version":[{"id":68366,"href":"https:\/\/sertv.gob.pa\/nacionalfm\/wp-json\/wp\/v2\/posts\/68364\/revisions\/68366"}],"wp:featuredmedia":[{"embeddable":true,"href":"https:\/\/sertv.gob.pa\/nacionalfm\/wp-json\/wp\/v2\/media\/68365"}],"wp:attachment":[{"href":"https:\/\/sertv.gob.pa\/nacionalfm\/wp-json\/wp\/v2\/media?parent=68364"}],"wp:term":[{"taxonomy":"category","embeddable":true,"href":"https:\/\/sertv.gob.pa\/nacionalfm\/wp-json\/wp\/v2\/categories?post=68364"},{"taxonomy":"post_tag","embeddable":true,"href":"https:\/\/sertv.gob.pa\/nacionalfm\/wp-json\/wp\/v2\/tags?post=68364"}],"curies":[{"name":"wp","href":"https:\/\/api.w.org\/{rel}","templated":true}]}}