{"id":68367,"date":"2021-05-04T17:35:24","date_gmt":"2021-05-04T17:35:24","guid":{"rendered":"https:\/\/sertv.gob.pa\/nacionalfm\/?p=68367"},"modified":"2021-05-04T17:35:24","modified_gmt":"2021-05-04T17:35:24","slug":"principales-accidentes-de-metro-con-victimas-mortales-de-los-ultimos-30-anos","status":"publish","type":"post","link":"https:\/\/sertv.gob.pa\/nacionalfm\/principales-accidentes-de-metro-con-victimas-mortales-de-los-ultimos-30-anos\/","title":{"rendered":"Principales accidentes de metro con v\u00edctimas mortales de los \u00faltimos 30 a\u00f1os"},"content":{"rendered":"<p><strong><em>Madrid\/Bogot\u00e1, (EFE). <\/em><\/strong><\/p>\n<p>&nbsp;<\/p>\n<p>El tr\u00e1gico accidente de metro en Ciudad de M\u00e9xico esta madrugada al desplomarse\u00a0<strong>un puente de la l\u00ednea 12<\/strong>\u00a0y que ha provocado al menos 23 muertos, se une a otros sucesos de estas caracter\u00edsticas en todo el mundo.<\/p>\n<p>El \u00faltimo suceso en el transporte subterr\u00e1neo de esta ciudad se produjo el pasado 9 de enero cuando un incendio en el principal centro de control del Metro de Ciudad de M\u00e9xico, en el Centro Hist\u00f3rico, dej\u00f3 un muerto y al menos 30 trabajadores intoxicados, adem\u00e1s de la suspensi\u00f3n del servicio en las seis principales l\u00edneas.<\/p>\n<p>El metro de la capital mexicana transporta a cerca de 6 millones de personas todos los d\u00edas laborables, lo que lo convierte en uno de los m\u00e1s transitados del mundo.<\/p>\n<p>Esta son los principales accidentes de metro con v\u00edctimas mortales en el mundo en los \u00faltimos treinta a\u00f1os:<\/p>\n<p>-28 agosto 1991.- 5 personas mueren y otras 258 resultan heridas a consecuencia del descarrilamiento de un tren del metro de Nueva York (EE.UU.).<\/p>\n<p>-30 mayo 1999.- Fallecen 55 personas aplastadas en una avalancha humana en un t\u00fanel del metro de Minsk, capital de Bielorrusia y mientras otras 300 resultaron heridas.<\/p>\n<p>-10 junio 1999.- 6 personas mueren aplastadas en San Petersburgo (Rusia) al derrumbarse la marquesina de la entrada de la estaci\u00f3n de metro \u00abPlaza Sennaya\u00bb.<\/p>\n<p>&#8211; 22 junio 2009.- Nueve fallecidos y 75 heridos al chocar dos trenes de la red del metro de Washington (EE.UU.) debido a un fallo t\u00e9cnico.<\/p>\n<p>&#8211; &#8211; 3 julio 2006.- 43 personas mueren y 47 sufren heridas en un accidente de metro en la estaci\u00f3n de Jes\u00fas de Valencia, en la mayor tragedia ocurrida en el metro en Espa\u00f1a.<\/p>\n<p>&#8211; 12 julio 2009.- 5 muertos y 14 personas heridas al derrumbarse un puente en construcci\u00f3n del tendido del metro en el sur de Nueva Delhi (La India).<\/p>\n<p>&#8211; 15 julio 2014.- Al menos 23 fallecidos y m\u00e1s de 160 heridos al descarrilar tres vagones de un tren del metro de Mosc\u00fa.<\/p>\n<p>&#8211; 4 mayo 2021.- 23 muertos y 79 hospitalizados en Ciudad de M\u00e9xico al desplomarse una viga que sosten\u00eda un puente de la l\u00ednea 12 entre las estaciones de Olivos y Tezonco.<\/p>\n<p>&nbsp;<\/p>\n<p>Fuente: EFE<\/p>\n","protected":false},"excerpt":{"rendered":"<p>Madrid\/Bogot\u00e1, (EFE). &nbsp; El tr\u00e1gico accidente de metro en Ciudad <a href=\"https:\/\/sertv.gob.pa\/nacionalfm\/principales-accidentes-de-metro-con-victimas-mortales-de-los-ultimos-30-anos\/\"> [&#8230;]<\/a><\/p>\n","protected":false},"author":9,"featured_media":68368,"comment_status":"closed","ping_status":"closed","sticky":false,"template":"","format":"standard","meta":{"footnotes":""},"categories":[3],"tags":[],"class_list":["post-68367","post","type-post","status-publish","format-standard","has-post-thumbnail","hentry","category-internacionales"],"_links":{"self":[{"href":"https:\/\/sertv.gob.pa\/nacionalfm\/wp-json\/wp\/v2\/posts\/68367","targetHints":{"allow":["GET"]}}],"collection":[{"href":"https:\/\/sertv.gob.pa\/nacionalfm\/wp-json\/wp\/v2\/posts"}],"about":[{"href":"https:\/\/sertv.gob.pa\/nacionalfm\/wp-json\/wp\/v2\/types\/post"}],"author":[{"embeddable":true,"href":"https:\/\/sertv.gob.pa\/nacionalfm\/wp-json\/wp\/v2\/users\/9"}],"replies":[{"embeddable":true,"href":"https:\/\/sertv.gob.pa\/nacionalfm\/wp-json\/wp\/v2\/comments?post=68367"}],"version-history":[{"count":1,"href":"https:\/\/sertv.gob.pa\/nacionalfm\/wp-json\/wp\/v2\/posts\/68367\/revisions"}],"predecessor-version":[{"id":68369,"href":"https:\/\/sertv.gob.pa\/nacionalfm\/wp-json\/wp\/v2\/posts\/68367\/revisions\/68369"}],"wp:featuredmedia":[{"embeddable":true,"href":"https:\/\/sertv.gob.pa\/nacionalfm\/wp-json\/wp\/v2\/media\/68368"}],"wp:attachment":[{"href":"https:\/\/sertv.gob.pa\/nacionalfm\/wp-json\/wp\/v2\/media?parent=68367"}],"wp:term":[{"taxonomy":"category","embeddable":true,"href":"https:\/\/sertv.gob.pa\/nacionalfm\/wp-json\/wp\/v2\/categories?post=68367"},{"taxonomy":"post_tag","embeddable":true,"href":"https:\/\/sertv.gob.pa\/nacionalfm\/wp-json\/wp\/v2\/tags?post=68367"}],"curies":[{"name":"wp","href":"https:\/\/api.w.org\/{rel}","templated":true}]}}