{"id":68418,"date":"2021-05-05T16:48:12","date_gmt":"2021-05-05T16:48:12","guid":{"rendered":"https:\/\/sertv.gob.pa\/nacionalfm\/?p=68418"},"modified":"2021-05-05T16:48:12","modified_gmt":"2021-05-05T16:48:12","slug":"descubren-que-la-perdida-de-olor-en-pacientes-covid-se-debe-a-una-inflamacion","status":"publish","type":"post","link":"https:\/\/sertv.gob.pa\/nacionalfm\/descubren-que-la-perdida-de-olor-en-pacientes-covid-se-debe-a-una-inflamacion\/","title":{"rendered":"Descubren que la p\u00e9rdida de olor en pacientes covid se debe a una inflamaci\u00f3n"},"content":{"rendered":"<p><strong><em>Par\u00eds, (EFE).- <\/em><\/strong><\/p>\n<p>&nbsp;<\/p>\n<p>La p\u00e9rdida de olor en casos de pacientes infectados por el coronavirus no se debe \u00aba un edema en el nivel de la hendidura olfativa\u00bb, como se cre\u00eda hasta ahora, y s\u00ed a una infecci\u00f3n de las neuronas sensoriales que \u00abprovocan una inflamaci\u00f3n persistente\u00bb del sistema nervioso olfativo, seg\u00fan un estudio divulgado este mi\u00e9rcoles por el Instituto Pasteur.<\/p>\n<p>Esta investigaci\u00f3n, en la que colaboran tambi\u00e9n los centros franceses CNRS, Inserm y la Universidad de Par\u00eds, refuta as\u00ed una de las hip\u00f3tesis hasta ahora aceptadas sobre la p\u00e9rdida del olfato en pacientes covid, basada en \u00abun edema transitorio al nivel de la hendidura olfativa que impide el paso del aire que lleva las mol\u00e9culas del olor a las c\u00e9lulas nerviosas olfativas\u00bb (provocando la t\u00edpica congesti\u00f3n nasal).<\/p>\n<p>Sin embargo, el estudio encontr\u00f3 \u00abuna infecci\u00f3n de neuronas sensoriales\u00bb entre los pacientes y el aumento de c\u00e9lulas inmunitarias en el \u00f3rgano sensorial.<\/p>\n<p>Todo ello puede constituir \u00abuna inflamaci\u00f3n persistente del epitelio olfativo y del sistema nervioso olfativo\u00bb que conduce a la p\u00e9rdida temporal del olfato.<\/p>\n<p>\u00abHemos constatado que las neuronas sensoriales resultan infectadas por el SARS-CoV-2, as\u00ed como el nervio olfativo y los centros nerviosos olfativos en el cerebro\u00bb, explica el investigador Pierre-Marie Lledo, coautor del estudio publicado en la revista Science Translational Medicine.<\/p>\n<p>Este estudio ha descubierto tambi\u00e9n \u00abde manera inesperada\u00bb que las pruebas cl\u00e1sicas nasofar\u00edngeas PCR entre los pacientes sin olfato pueden fallar en la detecci\u00f3n del virus, porque el pat\u00f3geno puede \u00abpersistir al fondo de las cavidades nasales\u00bb<\/p>\n<p>Por este motivo, \u00abun cepillado nasal (otra t\u00e9cnica de recogida de muestras) puede considerarse para completar el frotado nasofar\u00edngeo del test PCR en los pacientes que presentan una p\u00e9rdida de olor\u00bb.<\/p>\n<p>Por \u00faltimo, el estudio alerta de que \u00abla infecci\u00f3n de las neuronas olfativas puede constituir una puerta de entrada al cerebro\u00bb.<\/p>\n<p>As\u00ed, sugiere realizar nuevas investigaciones para saber \u00abpor qu\u00e9 ciertos pacientes (covid) desarrollan manifestaciones cl\u00ednicas de orden psicol\u00f3gico, como ansiedad o depresi\u00f3n, o neurol\u00f3gicos, como susceptibilidad de desarrollar una enfermedad neurodegenerativa\u00bb.<\/p>\n<p>&nbsp;<\/p>\n<p>Fuente: EFE<\/p>\n<p>&nbsp;<\/p>\n","protected":false},"excerpt":{"rendered":"<p>Par\u00eds, (EFE).- &nbsp; La p\u00e9rdida de olor en casos de <a href=\"https:\/\/sertv.gob.pa\/nacionalfm\/descubren-que-la-perdida-de-olor-en-pacientes-covid-se-debe-a-una-inflamacion\/\"> [&#8230;]<\/a><\/p>\n","protected":false},"author":9,"featured_media":68419,"comment_status":"closed","ping_status":"closed","sticky":false,"template":"","format":"standard","meta":{"footnotes":""},"categories":[3],"tags":[],"class_list":["post-68418","post","type-post","status-publish","format-standard","has-post-thumbnail","hentry","category-internacionales"],"_links":{"self":[{"href":"https:\/\/sertv.gob.pa\/nacionalfm\/wp-json\/wp\/v2\/posts\/68418","targetHints":{"allow":["GET"]}}],"collection":[{"href":"https:\/\/sertv.gob.pa\/nacionalfm\/wp-json\/wp\/v2\/posts"}],"about":[{"href":"https:\/\/sertv.gob.pa\/nacionalfm\/wp-json\/wp\/v2\/types\/post"}],"author":[{"embeddable":true,"href":"https:\/\/sertv.gob.pa\/nacionalfm\/wp-json\/wp\/v2\/users\/9"}],"replies":[{"embeddable":true,"href":"https:\/\/sertv.gob.pa\/nacionalfm\/wp-json\/wp\/v2\/comments?post=68418"}],"version-history":[{"count":1,"href":"https:\/\/sertv.gob.pa\/nacionalfm\/wp-json\/wp\/v2\/posts\/68418\/revisions"}],"predecessor-version":[{"id":68420,"href":"https:\/\/sertv.gob.pa\/nacionalfm\/wp-json\/wp\/v2\/posts\/68418\/revisions\/68420"}],"wp:featuredmedia":[{"embeddable":true,"href":"https:\/\/sertv.gob.pa\/nacionalfm\/wp-json\/wp\/v2\/media\/68419"}],"wp:attachment":[{"href":"https:\/\/sertv.gob.pa\/nacionalfm\/wp-json\/wp\/v2\/media?parent=68418"}],"wp:term":[{"taxonomy":"category","embeddable":true,"href":"https:\/\/sertv.gob.pa\/nacionalfm\/wp-json\/wp\/v2\/categories?post=68418"},{"taxonomy":"post_tag","embeddable":true,"href":"https:\/\/sertv.gob.pa\/nacionalfm\/wp-json\/wp\/v2\/tags?post=68418"}],"curies":[{"name":"wp","href":"https:\/\/api.w.org\/{rel}","templated":true}]}}