{"id":68422,"date":"2021-05-05T16:58:42","date_gmt":"2021-05-05T16:58:42","guid":{"rendered":"https:\/\/sertv.gob.pa\/nacionalfm\/?p=68422"},"modified":"2021-05-05T16:58:42","modified_gmt":"2021-05-05T16:58:42","slug":"costa-rica-mantiene-la-ocupacion-hospitalaria-critica-por-la-covid-19","status":"publish","type":"post","link":"https:\/\/sertv.gob.pa\/nacionalfm\/costa-rica-mantiene-la-ocupacion-hospitalaria-critica-por-la-covid-19\/","title":{"rendered":"Costa Rica mantiene la ocupaci\u00f3n hospitalaria cr\u00edtica por la covid-19"},"content":{"rendered":"<p><strong><em>San Jos\u00e9, (EFE).- <\/em><\/strong><\/p>\n<p>Costa Rica mantiene una ocupaci\u00f3n hospitalaria cr\u00edtica tanto en las \u00e1reas de cuidados intensivos como en las de salas para pacientes leves y moderados, lo que est\u00e1 provocando listas de espera de acceso a camas, informaron este mi\u00e9rcoles las autoridades.<\/p>\n<p>\u00abYa hemos llegado a una situaci\u00f3n cr\u00edtica. Al d\u00eda de hoy una de cada 5 camas de toda la red hospitalaria de la Caja Costarricense del Seguro Social (CCSS) est\u00e1 ocupada con un paciente con covid-19\u00bb, declar\u00f3 en una conferencia de prensa el presidente de la entidad, Rom\u00e1n Macaya.<\/p>\n<p>Despu\u00e9s de las vacaciones de Semana Santa, en las que no hubo restricciones y se observ\u00f3 gran cantidad de personas en sitios tur\u00edsticos, se desat\u00f3 en Costa Rica una tercera ola de contagios con casos nuevos y hospitalizaciones.<\/p>\n<p>Actualmente hay 1.057 pacientes internados, 384 de ellos en unidades de cuidados intensivos (UCI), seg\u00fan los datos oficiales.<\/p>\n<p>La CCSS ampli\u00f3 la capacidad de las UCI de 24 camas en enero de 2020 hasta las 359 camas a finales de ese a\u00f1o, pero con la tercera ola se vio obligada a abrir m\u00e1s este abril para alcanzar 402.<\/p>\n<p>En esta tercera ola de covid-19 la ocupaci\u00f3n en las UCI ha rondado el 95 % y la de camas de salas destinadas a la atenci\u00f3n de la pandemia ha oscilado en el 75 %.<\/p>\n<p>Seg\u00fan las autoridades, hay listas de espera de pacientes que requieren ser trasladados para recibir atenci\u00f3n m\u00e1s especializada en los hospitales de la capital.<\/p>\n<p>\u00abPodemos salir adelante, hemos doblado curvas en el pasado y podemos volver a hacerlo, pero se necesita de la conciencia de todos\u00bb, manifest\u00f3 Macaya.<\/p>\n<p>Por su parte, el gerente m\u00e9dico de la CCSS, Mario Ruiz, asegur\u00f3 que el pa\u00eds se encuentra en una situaci\u00f3n \u00abcr\u00edtica\u00bb con una \u00abocupaci\u00f3n plena\u00bb en los hospitales, por lo que insisti\u00f3 a la poblaci\u00f3n en la necesidad de redoblar las medidas preventivas y respetar los protocolos sanitarios.<\/p>\n<p>Para intentar doblar esta curva, el Gobierno estableci\u00f3 un cierre de actividades no esenciales de atenci\u00f3n al p\u00fablico entre el 3 y el 9 de mayo en el centro del pa\u00eds, donde se ubican las principales ciudades y que es donde se ha registrado la mayor cantidad de casos de esta nueva ola de contagios.<\/p>\n<p>Adem\u00e1s, el Gobierno anunci\u00f3 el martes que durante mayo se acelerar\u00e1 el proceso de vacunaci\u00f3n, pues se esperan lotes m\u00e1s grandes de Pfizer y el comienzo de las entregas de AstraZeneca.<\/p>\n<p>En el pa\u00eds, de 5 millones de habitantes, se hab\u00edan aplicado hasta el lunes pasado un total de 950.252 dosis de la vacuna, de las cuales 345.153 corresponden a esquemas de vacunaci\u00f3n completos, es decir, personas que han recibido las dos dosis.<\/p>\n<p>La tasa nacional de aplicaci\u00f3n de vacunas contra la covid-19 es de 18,4 por cada 100 habitantes.<\/p>\n<p>El informe semanal de covid-19 revelado el martes indica que el pa\u00eds registr\u00f3 2.434 casos nuevos el mi\u00e9rcoles 28 de abril, seguido de 2.781 el jueves y 2.609 el viernes. Estas son las 3 ocasiones, hasta el momento, en que el pa\u00eds super\u00f3 la barrera de 2.000 casos diarios.<\/p>\n<p>El s\u00e1bado pasado se sumaron 1.991 casos, el domingo 1.839, el lunes 1.855 y el martes 1.304 casos.<\/p>\n<p>El pa\u00eds acumula 257.593 casos y 3.310 personas fallecidas a lo largo de la pandemia.<\/p>\n<p>&nbsp;<\/p>\n<p>Fuente: EFE<\/p>\n<p>&nbsp;<\/p>\n","protected":false},"excerpt":{"rendered":"<p>San Jos\u00e9, (EFE).- Costa Rica mantiene una ocupaci\u00f3n hospitalaria cr\u00edtica <a href=\"https:\/\/sertv.gob.pa\/nacionalfm\/costa-rica-mantiene-la-ocupacion-hospitalaria-critica-por-la-covid-19\/\"> [&#8230;]<\/a><\/p>\n","protected":false},"author":9,"featured_media":68425,"comment_status":"closed","ping_status":"closed","sticky":false,"template":"","format":"standard","meta":{"footnotes":""},"categories":[3],"tags":[],"class_list":["post-68422","post","type-post","status-publish","format-standard","has-post-thumbnail","hentry","category-internacionales"],"_links":{"self":[{"href":"https:\/\/sertv.gob.pa\/nacionalfm\/wp-json\/wp\/v2\/posts\/68422","targetHints":{"allow":["GET"]}}],"collection":[{"href":"https:\/\/sertv.gob.pa\/nacionalfm\/wp-json\/wp\/v2\/posts"}],"about":[{"href":"https:\/\/sertv.gob.pa\/nacionalfm\/wp-json\/wp\/v2\/types\/post"}],"author":[{"embeddable":true,"href":"https:\/\/sertv.gob.pa\/nacionalfm\/wp-json\/wp\/v2\/users\/9"}],"replies":[{"embeddable":true,"href":"https:\/\/sertv.gob.pa\/nacionalfm\/wp-json\/wp\/v2\/comments?post=68422"}],"version-history":[{"count":1,"href":"https:\/\/sertv.gob.pa\/nacionalfm\/wp-json\/wp\/v2\/posts\/68422\/revisions"}],"predecessor-version":[{"id":68426,"href":"https:\/\/sertv.gob.pa\/nacionalfm\/wp-json\/wp\/v2\/posts\/68422\/revisions\/68426"}],"wp:featuredmedia":[{"embeddable":true,"href":"https:\/\/sertv.gob.pa\/nacionalfm\/wp-json\/wp\/v2\/media\/68425"}],"wp:attachment":[{"href":"https:\/\/sertv.gob.pa\/nacionalfm\/wp-json\/wp\/v2\/media?parent=68422"}],"wp:term":[{"taxonomy":"category","embeddable":true,"href":"https:\/\/sertv.gob.pa\/nacionalfm\/wp-json\/wp\/v2\/categories?post=68422"},{"taxonomy":"post_tag","embeddable":true,"href":"https:\/\/sertv.gob.pa\/nacionalfm\/wp-json\/wp\/v2\/tags?post=68422"}],"curies":[{"name":"wp","href":"https:\/\/api.w.org\/{rel}","templated":true}]}}