{"id":68427,"date":"2021-05-05T17:14:00","date_gmt":"2021-05-05T17:14:00","guid":{"rendered":"https:\/\/sertv.gob.pa\/nacionalfm\/?p=68427"},"modified":"2021-05-05T17:14:00","modified_gmt":"2021-05-05T17:14:00","slug":"se-cumplen-60-anos-del-primer-vuelo-al-espacio-de-un-astronauta-de-ee-uu","status":"publish","type":"post","link":"https:\/\/sertv.gob.pa\/nacionalfm\/se-cumplen-60-anos-del-primer-vuelo-al-espacio-de-un-astronauta-de-ee-uu\/","title":{"rendered":"Se cumplen 60 a\u00f1os del primer vuelo al espacio de un astronauta de EE.UU."},"content":{"rendered":"<p><strong><em>Miami, (EFE).- <\/em><\/strong><\/p>\n<p>La Agencia Nacional del Espacio y la Aeron\u00e1utica (NASA) de EE.UU. conmemorar\u00e1 este mi\u00e9rcoles con diversas actividades los 60 a\u00f1os del primer viaje espacial de uno de sus astronautas, protagonizado por Alan Shepard (1923-1998), quien diez a\u00f1os m\u00e1s tarde pis\u00f3 la Luna.<\/p>\n<p>Entre otras actividades para conmemorar el 60 aniversario del viaje de Shepard est\u00e1 la exhibici\u00f3n de un documental en la televisi\u00f3n p\u00fablica, adem\u00e1s de conferencias y homenajes.<\/p>\n<p>Veintitr\u00e9s d\u00edas despu\u00e9s de que el sovi\u00e9tico Yuri Gagarin protagonizara el primer vuelo orbital de un ser humano, Shepard viaj\u00f3 al espacio el 5 de mayo de 1961 en la c\u00e1psula Freedom 7, a bordo de un cohete Mercury Redstone 3.<\/p>\n<p>Fue un vuelo suborbital que el entonces l\u00edder de la Uni\u00f3n Sovi\u00e9tica, Nikita Jruschev, defini\u00f3 como un \u00absalto de pulga\u00bb.<\/p>\n<p>El primer vuelo orbital por parte de astronautas de EE.UU. fue el realizado el 20 de febrero de 1962 por John Glenn a bordo de la nave Friendship 7, pero Shepard fue el primero en viajar al espacio.<\/p>\n<p>La c\u00e1psula Freedom 7 con Shepard a bordo alcanz\u00f3 una altitud de 187 kil\u00f3metros y su vuelo dur\u00f3 15 minutos, mientras que Gagarin lleg\u00f3 a una altitud m\u00e1xima de 357 kil\u00f3metros y estuvo en el espacio una hora y 48 minutos.<\/p>\n<p>Fueron los albores de lo que se llam\u00f3 la \u00abcarrera espacial\u00bb entre Estados Unidos y la Uni\u00f3n Sovi\u00e9tica, uno de los cap\u00edtulos de la Guerra Fr\u00eda, como se conoce el periodo de antagonismo entre las dos superpotencias tras la Segunda Guerra Mundial.<\/p>\n<p>Sesenta a\u00f1os despu\u00e9s del viaje de Shepard, la NASA est\u00e1 embarcada en una misi\u00f3n en Marte, adonde lleg\u00f3 en febrero el rover Perseverance con el mini-helic\u00f3ptero Ingenuity, que hizo historia el 19 de abril con el primer vuelo controlado y con motor de una aeronave en otro planeta.<\/p>\n<p>Tambi\u00e9n tiene planes para explorar y colonizar la Luna y en 2020 reanud\u00f3 los viajes a la estaci\u00f3n Espacial Internacional desde suelo estadounidense y en naves de este pa\u00eds, gracias a un contrato con la compa\u00f1\u00eda privada SpaceX, nueve a\u00f1os despu\u00e9s del fin del programa de transbordadores.<\/p>\n<p>&nbsp;<\/p>\n<p>Fuente: EFE<\/p>\n<p>&nbsp;<\/p>\n","protected":false},"excerpt":{"rendered":"<p>Miami, (EFE).- La Agencia Nacional del Espacio y la Aeron\u00e1utica <a href=\"https:\/\/sertv.gob.pa\/nacionalfm\/se-cumplen-60-anos-del-primer-vuelo-al-espacio-de-un-astronauta-de-ee-uu\/\"> [&#8230;]<\/a><\/p>\n","protected":false},"author":9,"featured_media":68428,"comment_status":"closed","ping_status":"closed","sticky":false,"template":"","format":"standard","meta":{"footnotes":""},"categories":[3],"tags":[],"class_list":["post-68427","post","type-post","status-publish","format-standard","has-post-thumbnail","hentry","category-internacionales"],"_links":{"self":[{"href":"https:\/\/sertv.gob.pa\/nacionalfm\/wp-json\/wp\/v2\/posts\/68427","targetHints":{"allow":["GET"]}}],"collection":[{"href":"https:\/\/sertv.gob.pa\/nacionalfm\/wp-json\/wp\/v2\/posts"}],"about":[{"href":"https:\/\/sertv.gob.pa\/nacionalfm\/wp-json\/wp\/v2\/types\/post"}],"author":[{"embeddable":true,"href":"https:\/\/sertv.gob.pa\/nacionalfm\/wp-json\/wp\/v2\/users\/9"}],"replies":[{"embeddable":true,"href":"https:\/\/sertv.gob.pa\/nacionalfm\/wp-json\/wp\/v2\/comments?post=68427"}],"version-history":[{"count":1,"href":"https:\/\/sertv.gob.pa\/nacionalfm\/wp-json\/wp\/v2\/posts\/68427\/revisions"}],"predecessor-version":[{"id":68429,"href":"https:\/\/sertv.gob.pa\/nacionalfm\/wp-json\/wp\/v2\/posts\/68427\/revisions\/68429"}],"wp:featuredmedia":[{"embeddable":true,"href":"https:\/\/sertv.gob.pa\/nacionalfm\/wp-json\/wp\/v2\/media\/68428"}],"wp:attachment":[{"href":"https:\/\/sertv.gob.pa\/nacionalfm\/wp-json\/wp\/v2\/media?parent=68427"}],"wp:term":[{"taxonomy":"category","embeddable":true,"href":"https:\/\/sertv.gob.pa\/nacionalfm\/wp-json\/wp\/v2\/categories?post=68427"},{"taxonomy":"post_tag","embeddable":true,"href":"https:\/\/sertv.gob.pa\/nacionalfm\/wp-json\/wp\/v2\/tags?post=68427"}],"curies":[{"name":"wp","href":"https:\/\/api.w.org\/{rel}","templated":true}]}}