{"id":68487,"date":"2021-05-06T15:52:45","date_gmt":"2021-05-06T15:52:45","guid":{"rendered":"https:\/\/sertv.gob.pa\/nacionalfm\/?p=68487"},"modified":"2021-05-06T15:52:45","modified_gmt":"2021-05-06T15:52:45","slug":"moderna-dice-que-su-vacuna-tiene-una-efectividad-del-96-en-adolescentes","status":"publish","type":"post","link":"https:\/\/sertv.gob.pa\/nacionalfm\/moderna-dice-que-su-vacuna-tiene-una-efectividad-del-96-en-adolescentes\/","title":{"rendered":"Moderna dice que su vacuna tiene una efectividad del 96 % en adolescentes"},"content":{"rendered":"<p><strong><em>Nueva York, (EFE).- <\/em><\/strong><\/p>\n<p>&nbsp;<\/p>\n<p>La vacuna contra la covid-19 de Moderna ha mostrado una efectividad del 96 % en ensayos llevados a cabo con ni\u00f1os y adolescentes de 12 a 17 a\u00f1os, anunci\u00f3 este jueves la compa\u00f1\u00eda estadounidense.<\/p>\n<p>Seg\u00fan Moderna, la vacuna fue generalmente bien tolerada y no ha generado hasta ahora ninguna preocupaci\u00f3n seria en materia de seguridad, con efectos secundarios similares a los registrados en adultos, que incluyen dolores de cabeza, fatiga o escalofr\u00edos.<\/p>\n<p>Los datos se basan en un estudio inicial con m\u00e1s de 3.000 participantes en Estados Unidos que recibieron al menos una dosis de la vacuna<\/p>\n<p>Hasta ahora, la vacuna de Moderna est\u00e1 autorizada para mayores de 18 a\u00f1os, mientras que la de Pfizer y BioNTech, basada en una tecnolog\u00eda similar, se usa a partir de los 16 a\u00f1os y se espera que sea aprobada de forma inminente en Estados Unidos para los ni\u00f1os mayores de m\u00e1s de 12 a\u00f1os.<\/p>\n<p>Pfizer anunci\u00f3 esta semana que prev\u00e9 adem\u00e1s solicitar la autorizaci\u00f3n de emergencia para su vacuna en ni\u00f1os de 2 a 11 a\u00f1os en septiembre y para los de 6 meses a 2 a\u00f1os en noviembre.<\/p>\n<p>Moderna, mientras tanto, no ha dado plazos, pero tambi\u00e9n tiene en curso un estudio de fase 2 en menores de entre 6 meses y 11 a\u00f1os.<\/p>\n<p>La firma biotecnol\u00f3gica anunci\u00f3 adem\u00e1s que tiene previsto solicitar a lo largo de este mes la aprobaci\u00f3n plena de su vacuna en Estados Unidos, que hasta ahora se usa bajo una autorizaci\u00f3n de emergencia, lo que le permitir\u00eda comenzar a venderla de forma directa y no \u00fanicamente a trav\u00e9s del Gobierno.<\/p>\n<p>Moderna, que hoy dio a conocer sus resultados trimestrales, ingres\u00f3 entre enero y marzo 1.700 millones de d\u00f3lares gracias a las ventas de su vacuna contra la covid-19, lo que le permiti\u00f3 cerrar el primer trimestre del a\u00f1o con unas ganancias de 1.200 millones de d\u00f3lares, el primer beneficio neto de su historia.<\/p>\n<p>El mi\u00e9rcoles, la empresa hab\u00eda anunciado que la dosis de refuerzo que est\u00e1 probando para hacer frente a las variantes de coronavirus de Sud\u00e1frica y Brasil ha dado resultados prometedores, puesto que incrementa la presencia de anticuerpos que neutralizan esos virus mutantes.<\/p>\n<p>Adem\u00e1s, dijo que una dosis de refuerzo de otra vacuna que ha desarrollado, y que denomina mRNA-1273.351, gener\u00f3 una respuesta inmunitaria incluso mejor que la de su vacuna actual ante la variante sudafricana.<\/p>\n<p>Durante la presentaci\u00f3n de resultados, el consejero delegado de Moderna, St\u00e9phane Bancel, vaticin\u00f3 este jueves que en los pr\u00f3ximos meses seguir\u00e1n surgiendo nuevas variantes del virus a medida que llega el invierno al hemisferio sur.<\/p>\n<p>\u00abCreemos que las inyecciones de refuerzo ser\u00e1n necesarias porque pensamos que el virus no va a desaparecer\u00bb, se\u00f1al\u00f3 Bancel.<\/p>\n<p>&nbsp;<\/p>\n<p>Fuente: EFE<\/p>\n","protected":false},"excerpt":{"rendered":"<p>Nueva York, (EFE).- &nbsp; La vacuna contra la covid-19 de <a href=\"https:\/\/sertv.gob.pa\/nacionalfm\/moderna-dice-que-su-vacuna-tiene-una-efectividad-del-96-en-adolescentes\/\"> [&#8230;]<\/a><\/p>\n","protected":false},"author":9,"featured_media":68488,"comment_status":"closed","ping_status":"closed","sticky":false,"template":"","format":"standard","meta":{"footnotes":""},"categories":[3],"tags":[],"class_list":["post-68487","post","type-post","status-publish","format-standard","has-post-thumbnail","hentry","category-internacionales"],"_links":{"self":[{"href":"https:\/\/sertv.gob.pa\/nacionalfm\/wp-json\/wp\/v2\/posts\/68487","targetHints":{"allow":["GET"]}}],"collection":[{"href":"https:\/\/sertv.gob.pa\/nacionalfm\/wp-json\/wp\/v2\/posts"}],"about":[{"href":"https:\/\/sertv.gob.pa\/nacionalfm\/wp-json\/wp\/v2\/types\/post"}],"author":[{"embeddable":true,"href":"https:\/\/sertv.gob.pa\/nacionalfm\/wp-json\/wp\/v2\/users\/9"}],"replies":[{"embeddable":true,"href":"https:\/\/sertv.gob.pa\/nacionalfm\/wp-json\/wp\/v2\/comments?post=68487"}],"version-history":[{"count":1,"href":"https:\/\/sertv.gob.pa\/nacionalfm\/wp-json\/wp\/v2\/posts\/68487\/revisions"}],"predecessor-version":[{"id":68489,"href":"https:\/\/sertv.gob.pa\/nacionalfm\/wp-json\/wp\/v2\/posts\/68487\/revisions\/68489"}],"wp:featuredmedia":[{"embeddable":true,"href":"https:\/\/sertv.gob.pa\/nacionalfm\/wp-json\/wp\/v2\/media\/68488"}],"wp:attachment":[{"href":"https:\/\/sertv.gob.pa\/nacionalfm\/wp-json\/wp\/v2\/media?parent=68487"}],"wp:term":[{"taxonomy":"category","embeddable":true,"href":"https:\/\/sertv.gob.pa\/nacionalfm\/wp-json\/wp\/v2\/categories?post=68487"},{"taxonomy":"post_tag","embeddable":true,"href":"https:\/\/sertv.gob.pa\/nacionalfm\/wp-json\/wp\/v2\/tags?post=68487"}],"curies":[{"name":"wp","href":"https:\/\/api.w.org\/{rel}","templated":true}]}}