{"id":68491,"date":"2021-05-06T16:04:33","date_gmt":"2021-05-06T16:04:33","guid":{"rendered":"https:\/\/sertv.gob.pa\/nacionalfm\/?p=68491"},"modified":"2021-05-06T16:04:33","modified_gmt":"2021-05-06T16:04:33","slug":"la-segunda-ola-avanza-imparable-en-la-india-con-record-de-casos-y-muertes","status":"publish","type":"post","link":"https:\/\/sertv.gob.pa\/nacionalfm\/la-segunda-ola-avanza-imparable-en-la-india-con-record-de-casos-y-muertes\/","title":{"rendered":"La segunda ola avanza imparable en la India con r\u00e9cord de casos y muertes"},"content":{"rendered":"<p><strong><em>\u00a0<\/em><\/strong><\/p>\n<p><strong><em>Nueva Delhi, (EFE).- <\/em><\/strong><\/p>\n<p>&nbsp;<\/p>\n<p>La India contabiliz\u00f3 este jueves un nuevo r\u00e9cord de infecciones por coronavirus con 412.262 casos en las \u00faltimas 24 horas, adem\u00e1s de el n\u00famero m\u00e1s elevado de muertes registrado hasta la fecha en el pa\u00eds, en medio de una segunda ola de la pandemia que ha provocado escasez de ox\u00edgeno y de camas.<\/p>\n<p>Con los \u00faltimos contagios, el pa\u00eds asi\u00e1tico cruz\u00f3 la barrera de los 21 millones de casos desde el inicio de la pandemia, seg\u00fan los \u00faltimos datos del Ministerio de Salud indio.<\/p>\n<p>La India registr\u00f3 adem\u00e1s 3.980 muertes en las \u00faltimas 24 horas, un r\u00e9cord oficial en el pa\u00eds pese a que los expertos advierten de que la cifra real podr\u00eda ser mayor, elevando la cifra total de fallecimientos a 230.168.<\/p>\n<p>El pa\u00eds asi\u00e1tico es el segundo m\u00e1s afectado del mundo por la pandemia en t\u00e9rminos absolutos, solo por detr\u00e1s de Estados Unidos con 32,5 millones de casos seg\u00fan la Universidad Johns Hopkins, y se encuentra sumido en una vertiginosa segunda ola del coronavirus que ha puesto al l\u00edmite a su sistema de salud, con escasez de ox\u00edgeno y camas en ciudades como Nueva Delhi.<\/p>\n<p>El programa de vacunaci\u00f3n, abierto recientemente a toda la poblaci\u00f3n mayor de 18 a\u00f1os, es visto como la mejor forma de poner freno al virus aunque el ritmo de inoculaciones est\u00e9 lejos de ser el esperado debido a la falta de vacunas.<\/p>\n<p>El pa\u00eds ha administrado 1,9 millones de dosis en las \u00faltimas 24 horas, un aumento frente a las cifras de los \u00faltimos d\u00edas pero todav\u00eda bajo comparado con los casi tres millones y medio de vacunas que lleg\u00f3 a administrar hace semanas.<\/p>\n<p>El Gobierno indio reconoci\u00f3 ayer por primera vez que el espectacular aumento de casos en el \u00faltimo mes y medio en numerosos estados del pa\u00eds muestra una \u00abcorrelaci\u00f3n\u00bb con la mayor presencia de la variante india \u00abdoble mutante\u00bb B.1.617, aunque todav\u00eda no se puede establecer \u00abun v\u00ednculo directo\u00bb.<\/p>\n<p>El alza de casos ha sido tambi\u00e9n atribuida en el pa\u00eds a una relajaci\u00f3n de las medidas contra el coronavirus por parte de la poblaci\u00f3n y a la organizaci\u00f3n de eventos multitudinarios, como enormes m\u00edtines electorales en el marco de varias elecciones regionales o el festival religioso Kumbh Mela, la mayor y una de las m\u00e1s antiguas congregaciones religiosas del mundo.<\/p>\n<p>&nbsp;<\/p>\n<p>Fuente: EFE<\/p>\n","protected":false},"excerpt":{"rendered":"<p>\u00a0 Nueva Delhi, (EFE).- &nbsp; La India contabiliz\u00f3 este jueves <a href=\"https:\/\/sertv.gob.pa\/nacionalfm\/la-segunda-ola-avanza-imparable-en-la-india-con-record-de-casos-y-muertes\/\"> [&#8230;]<\/a><\/p>\n","protected":false},"author":9,"featured_media":68494,"comment_status":"closed","ping_status":"closed","sticky":false,"template":"","format":"standard","meta":{"footnotes":""},"categories":[3],"tags":[],"class_list":["post-68491","post","type-post","status-publish","format-standard","has-post-thumbnail","hentry","category-internacionales"],"_links":{"self":[{"href":"https:\/\/sertv.gob.pa\/nacionalfm\/wp-json\/wp\/v2\/posts\/68491","targetHints":{"allow":["GET"]}}],"collection":[{"href":"https:\/\/sertv.gob.pa\/nacionalfm\/wp-json\/wp\/v2\/posts"}],"about":[{"href":"https:\/\/sertv.gob.pa\/nacionalfm\/wp-json\/wp\/v2\/types\/post"}],"author":[{"embeddable":true,"href":"https:\/\/sertv.gob.pa\/nacionalfm\/wp-json\/wp\/v2\/users\/9"}],"replies":[{"embeddable":true,"href":"https:\/\/sertv.gob.pa\/nacionalfm\/wp-json\/wp\/v2\/comments?post=68491"}],"version-history":[{"count":1,"href":"https:\/\/sertv.gob.pa\/nacionalfm\/wp-json\/wp\/v2\/posts\/68491\/revisions"}],"predecessor-version":[{"id":68495,"href":"https:\/\/sertv.gob.pa\/nacionalfm\/wp-json\/wp\/v2\/posts\/68491\/revisions\/68495"}],"wp:featuredmedia":[{"embeddable":true,"href":"https:\/\/sertv.gob.pa\/nacionalfm\/wp-json\/wp\/v2\/media\/68494"}],"wp:attachment":[{"href":"https:\/\/sertv.gob.pa\/nacionalfm\/wp-json\/wp\/v2\/media?parent=68491"}],"wp:term":[{"taxonomy":"category","embeddable":true,"href":"https:\/\/sertv.gob.pa\/nacionalfm\/wp-json\/wp\/v2\/categories?post=68491"},{"taxonomy":"post_tag","embeddable":true,"href":"https:\/\/sertv.gob.pa\/nacionalfm\/wp-json\/wp\/v2\/tags?post=68491"}],"curies":[{"name":"wp","href":"https:\/\/api.w.org\/{rel}","templated":true}]}}