{"id":68502,"date":"2021-05-06T16:42:11","date_gmt":"2021-05-06T16:42:11","guid":{"rendered":"https:\/\/sertv.gob.pa\/nacionalfm\/?p=68502"},"modified":"2021-05-06T16:42:11","modified_gmt":"2021-05-06T16:42:11","slug":"el-20-de-los-empleados-de-google-teletrabajaran-de-forma-permanente","status":"publish","type":"post","link":"https:\/\/sertv.gob.pa\/nacionalfm\/el-20-de-los-empleados-de-google-teletrabajaran-de-forma-permanente\/","title":{"rendered":"El 20 % de los empleados de Google teletrabajar\u00e1n de forma permanente"},"content":{"rendered":"<p><strong><em>San Francisco, (EFE).- <\/em><\/strong><\/p>\n<p>&nbsp;<\/p>\n<p>El gigante de internet Google comunic\u00f3 este mi\u00e9rcoles a sus cerca de 140.000 empleados que el 20 % de ellos pasar\u00e1n a teletrabajar de forma permanente, lo que supone un relajamiento de los planes anunciados anteriormente, que requer\u00edan al 100 % de la plantilla volver a las oficinas.<\/p>\n<p>En un correo electr\u00f3nico interno al que tuvo acceso Efe, la empresa de Mountain View (California, EE.UU.) explic\u00f3 que el 20 % de los trabajadores podr\u00e1n seguir laborando permanentemente desde casa, una vez termine la pandemia; otro 20 % deber\u00e1 acudir en persona a oficinas nuevas y el 60 % restante regresar\u00e1 a los lugares de trabajo previos a la covid-19.<\/p>\n<p>Quienes deban asistir al trabajo f\u00edsicamente tendr\u00e1n que hacerlo de forma obligatoria solo algunos d\u00edas por semana (anteriormente, la compa\u00f1\u00eda habl\u00f3 de tres jornadas semanales, algo que no confirm\u00f3 en esta ocasi\u00f3n), mientras que los otros d\u00edas podr\u00e1n elegir desde d\u00f3nde hacerlo.<\/p>\n<p>Google fue una de las primeras grandes empresas de Silicon Valley en cerrar sus oficinas y promover el teletrabajo a principios del a\u00f1o pasado, y aunque la mayor\u00eda de sus empleados seguir\u00e1n trabajando desde casa hasta septiembre, la firma est\u00e1 reabriendo poco a poco sus lugares de trabajo.<\/p>\n<p>La covid-19 aceler\u00f3 la transici\u00f3n al trabajo remoto que ya se estaba empezando a dar en la industria tecnol\u00f3gica en los \u00faltimos a\u00f1os. Empresas como Twitter y Square ya anunciaron que la totalidad de sus empleados podr\u00e1n seguir trabajando desde casa una vez la pandemia se d\u00e9 por controlada.<\/p>\n<p>Por su parte, Facebook prev\u00e9 que el 50 % de sus empleados sean remotos en 10 a\u00f1os. Mientras que firmas como Microsoft y Salesforce anunciaron ya que pasan al llamado modelo h\u00edbrido, una mezcla de trabajo en persona y remoto.<\/p>\n<p>&nbsp;<\/p>\n<p>Fuente: EFE<\/p>\n","protected":false},"excerpt":{"rendered":"<p>San Francisco, (EFE).- &nbsp; El gigante de internet Google comunic\u00f3 <a href=\"https:\/\/sertv.gob.pa\/nacionalfm\/el-20-de-los-empleados-de-google-teletrabajaran-de-forma-permanente\/\"> [&#8230;]<\/a><\/p>\n","protected":false},"author":9,"featured_media":68503,"comment_status":"closed","ping_status":"closed","sticky":false,"template":"","format":"standard","meta":{"footnotes":""},"categories":[3],"tags":[],"class_list":["post-68502","post","type-post","status-publish","format-standard","has-post-thumbnail","hentry","category-internacionales"],"_links":{"self":[{"href":"https:\/\/sertv.gob.pa\/nacionalfm\/wp-json\/wp\/v2\/posts\/68502","targetHints":{"allow":["GET"]}}],"collection":[{"href":"https:\/\/sertv.gob.pa\/nacionalfm\/wp-json\/wp\/v2\/posts"}],"about":[{"href":"https:\/\/sertv.gob.pa\/nacionalfm\/wp-json\/wp\/v2\/types\/post"}],"author":[{"embeddable":true,"href":"https:\/\/sertv.gob.pa\/nacionalfm\/wp-json\/wp\/v2\/users\/9"}],"replies":[{"embeddable":true,"href":"https:\/\/sertv.gob.pa\/nacionalfm\/wp-json\/wp\/v2\/comments?post=68502"}],"version-history":[{"count":1,"href":"https:\/\/sertv.gob.pa\/nacionalfm\/wp-json\/wp\/v2\/posts\/68502\/revisions"}],"predecessor-version":[{"id":68504,"href":"https:\/\/sertv.gob.pa\/nacionalfm\/wp-json\/wp\/v2\/posts\/68502\/revisions\/68504"}],"wp:featuredmedia":[{"embeddable":true,"href":"https:\/\/sertv.gob.pa\/nacionalfm\/wp-json\/wp\/v2\/media\/68503"}],"wp:attachment":[{"href":"https:\/\/sertv.gob.pa\/nacionalfm\/wp-json\/wp\/v2\/media?parent=68502"}],"wp:term":[{"taxonomy":"category","embeddable":true,"href":"https:\/\/sertv.gob.pa\/nacionalfm\/wp-json\/wp\/v2\/categories?post=68502"},{"taxonomy":"post_tag","embeddable":true,"href":"https:\/\/sertv.gob.pa\/nacionalfm\/wp-json\/wp\/v2\/tags?post=68502"}],"curies":[{"name":"wp","href":"https:\/\/api.w.org\/{rel}","templated":true}]}}