{"id":68556,"date":"2021-05-07T17:37:01","date_gmt":"2021-05-07T17:37:01","guid":{"rendered":"https:\/\/sertv.gob.pa\/nacionalfm\/?p=68556"},"modified":"2021-05-07T17:37:01","modified_gmt":"2021-05-07T17:37:01","slug":"manifestantes-tildan-de-masacre-operacion-policial-con-25-muertos-en-brasil","status":"publish","type":"post","link":"https:\/\/sertv.gob.pa\/nacionalfm\/manifestantes-tildan-de-masacre-operacion-policial-con-25-muertos-en-brasil\/","title":{"rendered":"Manifestantes tildan de \u00abmasacre\u00bb operaci\u00f3n policial con 25 muertos en Brasil"},"content":{"rendered":"<p><strong><em>\u00a0<\/em><\/strong><\/p>\n<p><strong><em>R\u00edo de Janeiro, (EFE).- <\/em><\/strong><\/p>\n<p>&nbsp;<\/p>\n<p>Manifestantes de la favela de Jacarezinho se dieron cita este viernes frente a las instalaciones de la Polic\u00eda Civil de R\u00edo de Janeiro para pedir justicia por las 25 vidas segadas la v\u00edspera en un violento operativo policial contra la banda de delincuentes que domina esa deprimida favela carioca.<\/p>\n<p>La acci\u00f3n de los uniformados se llev\u00f3 a cabo en momentos en que este tipo de acciones est\u00e1n restringidas en R\u00edo de Janeiro y fue la m\u00e1s letal en la historia de la emblem\u00e1tica ciudad brasile\u00f1a.<\/p>\n<p>\u00abEso no fue una operaci\u00f3n de inteligencia. Fue una completa masacre que forma parte del genocidio que est\u00e1 en curso en nuestro pa\u00eds y principalmente en nuestro estado\u00bb, asegur\u00f3 a EFE Giovanna Almeida, una estudiante de 22 a\u00f1os que se junt\u00f3 a los manifestantes.<\/p>\n<p>El operativo, que cont\u00f3 con la participaci\u00f3n de unos 200 uniformados y tuvo una duraci\u00f3n de nueve horas, fue calificado de \u00abexitoso\u00bb por la Polic\u00eda Civil, que neg\u00f3 las acusaciones de abusos y afirm\u00f3 que la acci\u00f3n -que ten\u00eda por objetivo desmontar una banda de narcotraficantes que reclutaba menores de edad para acciones criminales- fue planificada, autorizada y supervisada por el Ministerio P\u00fablico.<\/p>\n<p>Los datos oficiales se\u00f1alan que un polic\u00eda perdi\u00f3 la vida minutos despu\u00e9s de recibir un impacto en la cabeza al comienzo de la operaci\u00f3n y que 24 sospechosos (que los comisarios no calificaron como simples sospechosos sino como probados pistoleros) fallecieron durante el operativo en la favela de Jacarezinho.<\/p>\n<p>No obstante, habitantes de la favela que fueron testigos de los hechos aseguran que los presuntos delincuentes fueron \u00abasesinados\u00bb dentro de las viviendas y sin oponer resistencia.<\/p>\n<p>\u00abLas personas murieron sentadas, murieron dentro de casas. Las im\u00e1genes son esclarecedoras y por la direcci\u00f3n de la sangre se ve que no hubo intercambio de tiros. Hubo ejecuci\u00f3n, hubo asesinato\u00bb, dijo Milena Santos, otra estudiante que particip\u00f3 en la protesta.<\/p>\n<p>\u00abComo carioca, mujer, joven, negra y favelada mi sentimiento es de repudio, de tristeza. Fueron 25 vidas de j\u00f3venes. Sospechosas o no, las personas no tienen que ser asesinadas. Son cr\u00edmenes, es una violencia de estado\u00bb, afirm\u00f3.<\/p>\n<p>Cargados con carteles que dec\u00edan \u00abParen de matarnos\u00bb y \u00abLas vidas negras importan\u00bb, unos 70 manifestantes madrugaron a pedir justicia frente a las instalaciones de la Polic\u00eda y posteriormente se desplazaron a la favela de Jacarezinho, donde pusieron velas y flores en los sitios donde se registraron las muertes. Unos 50 polic\u00edas armados acompa\u00f1aron la protesta.<\/p>\n<p>Expertos en seguridad p\u00fablica y organizaciones defensoras de derechos humanos como Amnist\u00eda Internacional y Human Rights Watch repudiaron el operativo.<\/p>\n<p>El propio alcalde de R\u00edo, Eduardo Paes, critic\u00f3 la acci\u00f3n de los uniformados y se\u00f1al\u00f3 que es el resultado de una pol\u00edtica de seguridad p\u00fablica \u00abinexistente y err\u00f3nea\u00bb que \u00abpone en riesgo a la polic\u00eda y permite que se propague el crimen\u00bb.<\/p>\n<p>La Defensor\u00eda y el Ministerio P\u00fablico de R\u00edo anunciaron investigaciones de los hechos.<\/p>\n<p>De acuerdo con datos oficiales, unas 1.800 personas murieron en operaciones policiales en R\u00edo de Janeiro en 2019, cifra que se redujo a 1.300 v\u00edctimas en 2020 gracias principalmente a que la Corte Suprema restringi\u00f3 las operaciones policiales en las favelas durante los confinamientos por la pandemia de la covid.<\/p>\n<p>No obstante, solo en el primer trimestre de este a\u00f1o 453 personas han muerto a manos de uniformados, seg\u00fan cifras del Instituto de Seguridad P\u00fablica (ISP), entidad adscrita a la Gobernaci\u00f3n de R\u00edo.<\/p>\n<p>&nbsp;<\/p>\n<p>Fuente: EFE<\/p>\n","protected":false},"excerpt":{"rendered":"<p>\u00a0 R\u00edo de Janeiro, (EFE).- &nbsp; Manifestantes de la favela <a href=\"https:\/\/sertv.gob.pa\/nacionalfm\/manifestantes-tildan-de-masacre-operacion-policial-con-25-muertos-en-brasil\/\"> [&#8230;]<\/a><\/p>\n","protected":false},"author":9,"featured_media":68557,"comment_status":"closed","ping_status":"closed","sticky":false,"template":"","format":"standard","meta":{"footnotes":""},"categories":[3],"tags":[],"class_list":["post-68556","post","type-post","status-publish","format-standard","has-post-thumbnail","hentry","category-internacionales"],"_links":{"self":[{"href":"https:\/\/sertv.gob.pa\/nacionalfm\/wp-json\/wp\/v2\/posts\/68556","targetHints":{"allow":["GET"]}}],"collection":[{"href":"https:\/\/sertv.gob.pa\/nacionalfm\/wp-json\/wp\/v2\/posts"}],"about":[{"href":"https:\/\/sertv.gob.pa\/nacionalfm\/wp-json\/wp\/v2\/types\/post"}],"author":[{"embeddable":true,"href":"https:\/\/sertv.gob.pa\/nacionalfm\/wp-json\/wp\/v2\/users\/9"}],"replies":[{"embeddable":true,"href":"https:\/\/sertv.gob.pa\/nacionalfm\/wp-json\/wp\/v2\/comments?post=68556"}],"version-history":[{"count":1,"href":"https:\/\/sertv.gob.pa\/nacionalfm\/wp-json\/wp\/v2\/posts\/68556\/revisions"}],"predecessor-version":[{"id":68558,"href":"https:\/\/sertv.gob.pa\/nacionalfm\/wp-json\/wp\/v2\/posts\/68556\/revisions\/68558"}],"wp:featuredmedia":[{"embeddable":true,"href":"https:\/\/sertv.gob.pa\/nacionalfm\/wp-json\/wp\/v2\/media\/68557"}],"wp:attachment":[{"href":"https:\/\/sertv.gob.pa\/nacionalfm\/wp-json\/wp\/v2\/media?parent=68556"}],"wp:term":[{"taxonomy":"category","embeddable":true,"href":"https:\/\/sertv.gob.pa\/nacionalfm\/wp-json\/wp\/v2\/categories?post=68556"},{"taxonomy":"post_tag","embeddable":true,"href":"https:\/\/sertv.gob.pa\/nacionalfm\/wp-json\/wp\/v2\/tags?post=68556"}],"curies":[{"name":"wp","href":"https:\/\/api.w.org\/{rel}","templated":true}]}}