{"id":68559,"date":"2021-05-07T17:58:57","date_gmt":"2021-05-07T17:58:57","guid":{"rendered":"https:\/\/sertv.gob.pa\/nacionalfm\/?p=68559"},"modified":"2021-05-07T17:58:57","modified_gmt":"2021-05-07T17:58:57","slug":"la-incidencia-por-covid-en-espana-baja-de-200-por-primera-vez-desde-febrero","status":"publish","type":"post","link":"https:\/\/sertv.gob.pa\/nacionalfm\/la-incidencia-por-covid-en-espana-baja-de-200-por-primera-vez-desde-febrero\/","title":{"rendered":"La incidencia por covid en Espa\u00f1a baja de 200 por primera vez desde febrero"},"content":{"rendered":"<p><strong><em>\u00a0<\/em><\/strong><\/p>\n<p><strong><em>Madrid, (EFE).- <\/em><\/strong><\/p>\n<p>&nbsp;<\/p>\n<p>La incidencia acumulada por covid en Espa\u00f1a baja este viernes hasta los 198,6 puntos y se sit\u00faa por debajo de los 200 casos por 100.000 habitantes en 14 d\u00edas por primera vez desde el pasado 26 de febrero, inform\u00f3 el Ministerio de Sanidad, que notific\u00f3 tambi\u00e9n un ligero descenso de la ocupaci\u00f3n de las unidades de cuidados intensivos (ucis).<\/p>\n<p>Seg\u00fan Sanidad, en las \u00faltimas 24 horas se registraron 8.186 nuevos contagios de COVID-19 y 66 muertes m\u00e1s, con lo que la cifra total de infecciones desde el inicio de la pandemia se eleva a 3.567.408 y son 78.792 los fallecidos.<\/p>\n<p>Tambi\u00e9n se produjo un ligero descenso de la ocupaci\u00f3n de las ucis, que se sit\u00faa en el 21,8 % (3 d\u00e9cimas menos que ayer) como media nacional.<\/p>\n<p>Sin embargo, cinco regiones siguen bajo presi\u00f3n extrema en sus ciudados intensivos (m\u00e1s de un 25 % de ocupaci\u00f3n de pacientes covid): Arag\u00f3n (32 %), Catalu\u00f1a (33 %), Madrid (42 %), Pa\u00eds Vasco (36 %) y La Rioja (33 %).<\/p>\n<p>Mucho mejor est\u00e1 la ocupaci\u00f3n de camas de hospital por enfermos covid, que se sit\u00faa en el 6,8 % de media.<\/p>\n<p>Adem\u00e1s, a poco m\u00e1s de 24 horas para que expire el estado de alarma y terminen las restricciones a la movilidad, tambi\u00e9n hay cinco regiones en riesgo extremo de transmisi\u00f3n (m\u00e1s de 250 casos): Arag\u00f3n (293), Catalu\u00f1a (251), Madrid (317), Navarra (296) y Pa\u00eds Vasco (447).<\/p>\n<p>Por ellos, las autoridades sanitarias recomiendanprudencia en la desescalada.<\/p>\n<p>Respecto a la vacunaci\u00f3n, contin\u00faa a buen ritmo en todo el pa\u00eds; ya se han administrado 19 millones de dosis y hay 5,9 millones de personas con la pauta completa, sobre una poblaci\u00f3n de 47,3 millones de habitantes.<\/p>\n<p>&nbsp;<\/p>\n<p>Fuente: EFE<\/p>\n","protected":false},"excerpt":{"rendered":"<p>\u00a0 Madrid, (EFE).- &nbsp; La incidencia acumulada por covid en <a href=\"https:\/\/sertv.gob.pa\/nacionalfm\/la-incidencia-por-covid-en-espana-baja-de-200-por-primera-vez-desde-febrero\/\"> [&#8230;]<\/a><\/p>\n","protected":false},"author":9,"featured_media":68560,"comment_status":"closed","ping_status":"closed","sticky":false,"template":"","format":"standard","meta":{"footnotes":""},"categories":[3],"tags":[],"class_list":["post-68559","post","type-post","status-publish","format-standard","has-post-thumbnail","hentry","category-internacionales"],"_links":{"self":[{"href":"https:\/\/sertv.gob.pa\/nacionalfm\/wp-json\/wp\/v2\/posts\/68559","targetHints":{"allow":["GET"]}}],"collection":[{"href":"https:\/\/sertv.gob.pa\/nacionalfm\/wp-json\/wp\/v2\/posts"}],"about":[{"href":"https:\/\/sertv.gob.pa\/nacionalfm\/wp-json\/wp\/v2\/types\/post"}],"author":[{"embeddable":true,"href":"https:\/\/sertv.gob.pa\/nacionalfm\/wp-json\/wp\/v2\/users\/9"}],"replies":[{"embeddable":true,"href":"https:\/\/sertv.gob.pa\/nacionalfm\/wp-json\/wp\/v2\/comments?post=68559"}],"version-history":[{"count":1,"href":"https:\/\/sertv.gob.pa\/nacionalfm\/wp-json\/wp\/v2\/posts\/68559\/revisions"}],"predecessor-version":[{"id":68561,"href":"https:\/\/sertv.gob.pa\/nacionalfm\/wp-json\/wp\/v2\/posts\/68559\/revisions\/68561"}],"wp:featuredmedia":[{"embeddable":true,"href":"https:\/\/sertv.gob.pa\/nacionalfm\/wp-json\/wp\/v2\/media\/68560"}],"wp:attachment":[{"href":"https:\/\/sertv.gob.pa\/nacionalfm\/wp-json\/wp\/v2\/media?parent=68559"}],"wp:term":[{"taxonomy":"category","embeddable":true,"href":"https:\/\/sertv.gob.pa\/nacionalfm\/wp-json\/wp\/v2\/categories?post=68559"},{"taxonomy":"post_tag","embeddable":true,"href":"https:\/\/sertv.gob.pa\/nacionalfm\/wp-json\/wp\/v2\/tags?post=68559"}],"curies":[{"name":"wp","href":"https:\/\/api.w.org\/{rel}","templated":true}]}}