{"id":6858,"date":"2015-08-19T18:56:26","date_gmt":"2015-08-19T18:56:26","guid":{"rendered":""},"modified":"2015-08-19T18:56:26","modified_gmt":"2015-08-19T18:56:26","slug":"addyi-la-viagra-femenina-es-aprobada-por-la-fda","status":"publish","type":"post","link":"https:\/\/sertv.gob.pa\/nacionalfm\/addyi-la-viagra-femenina-es-aprobada-por-la-fda\/","title":{"rendered":"Addyi, la viagra femenina, es aprobada por la FDA"},"content":{"rendered":"<p>\nLa FDA, agencia estadounidense de medicamentos, dio el visto bueno el martes para la comercializaci\u00f3n del Flibanserin, primer  Viagra femenino , del grupo Sprout Pharmaceuticals, destinado a las mujeres no menop\u00e1usicas que padezcan ausencia de deseo sexual. <\/p>\n<p>La Food and Drug Administration (FDA), que hab\u00eda rechazado en dos oportunidades el medicamento, en 2010 y 2013, finalmente sigui\u00f3 las recomendaciones formuladas en junio pasado por un comit\u00e9 consultivo de expertos en favor de su puesta a la venta. <\/p>\n<p> Sprout Pharmaceuticals , fabricante de la flibanserina, present\u00f3 nuevos estudios sobre la misma que finalmente convencieron a los expertos de que su producto est\u00e1 listo para salir al mercado. <\/p>\n<p>Entre esas pruebas, la empresa incluye un estudio que afirma que las mujeres pueden conducir con seguridad luego de utilizar el f, una de las mayores preocupaciones acerca del compuesto, ya que puede provocar somnolencia al d\u00eda siguiente de ser ingerida. <\/p>\n","protected":false},"excerpt":{"rendered":"<p>La FDA, agencia estadounidense de medicamentos, dio el visto bueno <a href=\"https:\/\/sertv.gob.pa\/nacionalfm\/addyi-la-viagra-femenina-es-aprobada-por-la-fda\/\"> [&#8230;]<\/a><\/p>\n","protected":false},"author":1,"featured_media":6859,"comment_status":"closed","ping_status":"closed","sticky":false,"template":"","format":"standard","meta":{"footnotes":""},"categories":[5],"tags":[],"class_list":["post-6858","post","type-post","status-publish","format-standard","has-post-thumbnail","hentry","category-salud"],"_links":{"self":[{"href":"https:\/\/sertv.gob.pa\/nacionalfm\/wp-json\/wp\/v2\/posts\/6858","targetHints":{"allow":["GET"]}}],"collection":[{"href":"https:\/\/sertv.gob.pa\/nacionalfm\/wp-json\/wp\/v2\/posts"}],"about":[{"href":"https:\/\/sertv.gob.pa\/nacionalfm\/wp-json\/wp\/v2\/types\/post"}],"author":[{"embeddable":true,"href":"https:\/\/sertv.gob.pa\/nacionalfm\/wp-json\/wp\/v2\/users\/1"}],"replies":[{"embeddable":true,"href":"https:\/\/sertv.gob.pa\/nacionalfm\/wp-json\/wp\/v2\/comments?post=6858"}],"version-history":[{"count":0,"href":"https:\/\/sertv.gob.pa\/nacionalfm\/wp-json\/wp\/v2\/posts\/6858\/revisions"}],"wp:featuredmedia":[{"embeddable":true,"href":"https:\/\/sertv.gob.pa\/nacionalfm\/wp-json\/wp\/v2\/media\/6859"}],"wp:attachment":[{"href":"https:\/\/sertv.gob.pa\/nacionalfm\/wp-json\/wp\/v2\/media?parent=6858"}],"wp:term":[{"taxonomy":"category","embeddable":true,"href":"https:\/\/sertv.gob.pa\/nacionalfm\/wp-json\/wp\/v2\/categories?post=6858"},{"taxonomy":"post_tag","embeddable":true,"href":"https:\/\/sertv.gob.pa\/nacionalfm\/wp-json\/wp\/v2\/tags?post=6858"}],"curies":[{"name":"wp","href":"https:\/\/api.w.org\/{rel}","templated":true}]}}