{"id":6860,"date":"2015-08-19T19:11:52","date_gmt":"2015-08-19T19:11:52","guid":{"rendered":""},"modified":"2015-08-19T19:11:52","modified_gmt":"2015-08-19T19:11:52","slug":"oms-alerta-sobre-el-auge-de-los-movimientos-anti-vacunas","status":"publish","type":"post","link":"https:\/\/sertv.gob.pa\/nacionalfm\/oms-alerta-sobre-el-auge-de-los-movimientos-anti-vacunas\/","title":{"rendered":"OMS alerta sobre el auge de los movimientos anti-vacunas"},"content":{"rendered":"<p>\nLa Organizaci\u00f3n Mundial de la Salud (OMS) alerta de que el auge de los movimientos antivacunas empieza a ser una \u00abamenaza cada vez mayor\u00bb para los programas de vacunaci\u00f3n, de cara a ser realmente eficaces al proteger a la poblaci\u00f3n. <\/p>\n<p>En un art\u00edculo publicado en la revista &#8216;Vaccine&#8217;, este organismo de Naciones Unidas recuerda que a nivel mundial  se registran cada a\u00f1o 1,5 millones de muertes infantiles por enfermedades que podr\u00edan prevenirse con vacunas  ya disponibles. En parte, precisan, porque uno de cada cinco ni\u00f1os no tiene acceso a estos medicamentos. <\/p>\n<p>El problema, se\u00f1ala el art\u00edculo, es que  en los \u00faltimos tiempos esta desprotecci\u00f3n est\u00e1 provocada por el auge de movimientos antivacunas  que hace haya personas que retrasan o directamente rechazan la vacunaci\u00f3n, tanto la suya como la de sus hijos, lo que representa un \u00abreto cada vez mayor\u00bb en especial para aquellos pa\u00edses que trabajan por acabar con la brecha de la inmunizaci\u00f3n. <\/p>\n<p>Los expertos creen que este rechazo de vacunas que han demostrado ser segura es un tema \u00abcomplejo\u00bb en el que influyen diferentes factores como \u00abla desinformaci\u00f3n, la comodidad y la falta de confianza\u00bb. <\/p>\n<p>\u00abLas vacunas s\u00f3lo puede mejorar la salud y prevenir muertes cuando se utilizan, y  los programas de vacunaci\u00f3n debe ser capaces de alcanzar y mantener tasas elevadas para ser eficaces \u00ab, ha destacado Philippe Duclos, asesor de la OMS en materia de vacunas. <\/p>\n<p>\u00a0 <\/p>\n","protected":false},"excerpt":{"rendered":"<p>La Organizaci\u00f3n Mundial de la Salud (OMS) alerta de que <a href=\"https:\/\/sertv.gob.pa\/nacionalfm\/oms-alerta-sobre-el-auge-de-los-movimientos-anti-vacunas\/\"> [&#8230;]<\/a><\/p>\n","protected":false},"author":1,"featured_media":6861,"comment_status":"closed","ping_status":"closed","sticky":false,"template":"","format":"standard","meta":{"footnotes":""},"categories":[5],"tags":[],"class_list":["post-6860","post","type-post","status-publish","format-standard","has-post-thumbnail","hentry","category-salud"],"_links":{"self":[{"href":"https:\/\/sertv.gob.pa\/nacionalfm\/wp-json\/wp\/v2\/posts\/6860","targetHints":{"allow":["GET"]}}],"collection":[{"href":"https:\/\/sertv.gob.pa\/nacionalfm\/wp-json\/wp\/v2\/posts"}],"about":[{"href":"https:\/\/sertv.gob.pa\/nacionalfm\/wp-json\/wp\/v2\/types\/post"}],"author":[{"embeddable":true,"href":"https:\/\/sertv.gob.pa\/nacionalfm\/wp-json\/wp\/v2\/users\/1"}],"replies":[{"embeddable":true,"href":"https:\/\/sertv.gob.pa\/nacionalfm\/wp-json\/wp\/v2\/comments?post=6860"}],"version-history":[{"count":0,"href":"https:\/\/sertv.gob.pa\/nacionalfm\/wp-json\/wp\/v2\/posts\/6860\/revisions"}],"wp:featuredmedia":[{"embeddable":true,"href":"https:\/\/sertv.gob.pa\/nacionalfm\/wp-json\/wp\/v2\/media\/6861"}],"wp:attachment":[{"href":"https:\/\/sertv.gob.pa\/nacionalfm\/wp-json\/wp\/v2\/media?parent=6860"}],"wp:term":[{"taxonomy":"category","embeddable":true,"href":"https:\/\/sertv.gob.pa\/nacionalfm\/wp-json\/wp\/v2\/categories?post=6860"},{"taxonomy":"post_tag","embeddable":true,"href":"https:\/\/sertv.gob.pa\/nacionalfm\/wp-json\/wp\/v2\/tags?post=6860"}],"curies":[{"name":"wp","href":"https:\/\/api.w.org\/{rel}","templated":true}]}}