{"id":68609,"date":"2021-05-10T17:19:10","date_gmt":"2021-05-10T17:19:10","guid":{"rendered":"https:\/\/sertv.gob.pa\/nacionalfm\/?p=68609"},"modified":"2021-05-10T17:19:10","modified_gmt":"2021-05-10T17:19:10","slug":"el-cargamento-de-espana-con-material-medico-contra-la-covid-llega-a-la-india","status":"publish","type":"post","link":"https:\/\/sertv.gob.pa\/nacionalfm\/el-cargamento-de-espana-con-material-medico-contra-la-covid-llega-a-la-india\/","title":{"rendered":"El cargamento de Espa\u00f1a con material m\u00e9dico contra la covid llega a la India"},"content":{"rendered":"<p><strong><em>Nueva Delhi, (EFE).- <\/em><\/strong><\/p>\n<p>&nbsp;<\/p>\n<p>Un primer cargamento enviado por Espa\u00f1a con diez concentradores de ox\u00edgeno y 141 respiradores lleg\u00f3 este lunes a la India, un pa\u00eds que sufre una devastadora segunda ola de coronavirus que ha colapsado su sistema sanitario.<\/p>\n<p>\u00abLa India y Espa\u00f1a contin\u00faan impulsando sus relaciones. Llega desde Espa\u00f1a el env\u00edo con diez concentradores de ox\u00edgeno y 141 respiradores. Valoramos este apoyo de nuestro socio de la UE\u00bb, asegur\u00f3 en Twitter, junto a im\u00e1genes del cargamento, el portavoz del Ministerio de Exteriores indio, Arindam Bagchi.<\/p>\n<p>El cargamento espa\u00f1ol, al que le seguir\u00e1 otro env\u00edo para completar un total de 167 respiradores y 121 concentradores de ox\u00edgeno, lleg\u00f3 a primera hora de la tarde al aeropuerto Indira Gandhi de Nueva Delhi.<\/p>\n<p>El env\u00edo sali\u00f3 del aeropuerto madrile\u00f1o de Barajas el viernes en un vuelo comercial y lleg\u00f3 a Nueva Delhi tras hacer escala en Arabia Saud\u00ed, despu\u00e9s de que Espa\u00f1a atendiera al llamamiento de ayuda internacional realizado por la India el pasado 23 de abril.<\/p>\n<p>La carga, seg\u00fan hab\u00eda adelantado el Gobierno espa\u00f1ol, ser\u00e1 entregada a Cruz Roja India para su distribuci\u00f3n, y est\u00e1 previsto un segundo env\u00edo desde Barajas esta semana.<\/p>\n<p>MECANISMO EUROPEO DE PROTECCI\u00d3N CIVIL<\/p>\n<p>La respuesta a la petici\u00f3n de ayuda fue coordinada a trav\u00e9s del Mecanismo Europeo de Protecci\u00f3n Civil, al que tambi\u00e9n se han sumado Alemania, Pa\u00edses Bajos, Dinamarca y Rep\u00fablica Checa por parte de la UE, y el env\u00edo de Espa\u00f1a incluye tambi\u00e9n consumibles como filtros y mascarillas por un monto aproximado de unos dos millones de euros.<\/p>\n<p>Del conjunto de material, 111 concentradores de ox\u00edgeno, 22 respiradores y los consumibles han sido adquiridos por la Oficina de Acci\u00f3n Humanitaria de la Agencia Espa\u00f1ola de Cooperaci\u00f3n Internacional para el Desarrollo (Aecid); adem\u00e1s, el Ministerio de Sanidad ha donado 10 concentradores de ox\u00edgeno y 141 respiradores.<\/p>\n<p>A esto se suman 4 respiradores fabricados y donados por la empresa espa\u00f1ola Inbentus.<\/p>\n<p>La secretaria de Estado de Cooperaci\u00f3n Internacional, \u00c1ngeles Moreno Bau, declar\u00f3 antes de la salida del cargamento que la cooperaci\u00f3n internacional para Espa\u00f1a y la Uni\u00f3n Europea es un \u00abimperativo \u00e9tico\u00bb, y por eso el Gobierno espa\u00f1ol reaccion\u00f3 inmediatamente al llamamiento de ayuda humanitaria de la India.<\/p>\n<p>La India registr\u00f3 este lunes un total de 366.161 nuevos casos por coronavirus y m\u00e1s de 3.700 fallecidos en las \u00faltimas 24 horas, una disminuci\u00f3n en las cifras tras varias jornadas seguidas notificando m\u00e1s de 400.000 contagios y una tasa de muertes superior a 4.000.<\/p>\n<p>Esta bajada en el n\u00famero de contagios y muertes se produce en medio de una virulenta segunda ola que mantiene a la India en el epicentro global de una pandemia que ha colapsado el sistema sanitario, con una crisis por falta de ox\u00edgeno que desencaden\u00f3 el llamamiento internacional de ayuda.<\/p>\n<p>Seg\u00fan los \u00faltimos datos oficiales de hoy, la India ha recibido hasta el momento del extranjero 6.738 concentradores de ox\u00edgeno, 3.856 cilindros de ox\u00edgeno, 16 plantas generadoras de ox\u00edgeno y 4.668 respiradores y otros aparatos de respiraci\u00f3n asistida.<\/p>\n<p>&nbsp;<\/p>\n<p>Fuente: EFE<\/p>\n","protected":false},"excerpt":{"rendered":"<p>Nueva Delhi, (EFE).- &nbsp; Un primer cargamento enviado por Espa\u00f1a <a href=\"https:\/\/sertv.gob.pa\/nacionalfm\/el-cargamento-de-espana-con-material-medico-contra-la-covid-llega-a-la-india\/\"> [&#8230;]<\/a><\/p>\n","protected":false},"author":9,"featured_media":68610,"comment_status":"closed","ping_status":"closed","sticky":false,"template":"","format":"standard","meta":{"footnotes":""},"categories":[3],"tags":[],"class_list":["post-68609","post","type-post","status-publish","format-standard","has-post-thumbnail","hentry","category-internacionales"],"_links":{"self":[{"href":"https:\/\/sertv.gob.pa\/nacionalfm\/wp-json\/wp\/v2\/posts\/68609","targetHints":{"allow":["GET"]}}],"collection":[{"href":"https:\/\/sertv.gob.pa\/nacionalfm\/wp-json\/wp\/v2\/posts"}],"about":[{"href":"https:\/\/sertv.gob.pa\/nacionalfm\/wp-json\/wp\/v2\/types\/post"}],"author":[{"embeddable":true,"href":"https:\/\/sertv.gob.pa\/nacionalfm\/wp-json\/wp\/v2\/users\/9"}],"replies":[{"embeddable":true,"href":"https:\/\/sertv.gob.pa\/nacionalfm\/wp-json\/wp\/v2\/comments?post=68609"}],"version-history":[{"count":1,"href":"https:\/\/sertv.gob.pa\/nacionalfm\/wp-json\/wp\/v2\/posts\/68609\/revisions"}],"predecessor-version":[{"id":68611,"href":"https:\/\/sertv.gob.pa\/nacionalfm\/wp-json\/wp\/v2\/posts\/68609\/revisions\/68611"}],"wp:featuredmedia":[{"embeddable":true,"href":"https:\/\/sertv.gob.pa\/nacionalfm\/wp-json\/wp\/v2\/media\/68610"}],"wp:attachment":[{"href":"https:\/\/sertv.gob.pa\/nacionalfm\/wp-json\/wp\/v2\/media?parent=68609"}],"wp:term":[{"taxonomy":"category","embeddable":true,"href":"https:\/\/sertv.gob.pa\/nacionalfm\/wp-json\/wp\/v2\/categories?post=68609"},{"taxonomy":"post_tag","embeddable":true,"href":"https:\/\/sertv.gob.pa\/nacionalfm\/wp-json\/wp\/v2\/tags?post=68609"}],"curies":[{"name":"wp","href":"https:\/\/api.w.org\/{rel}","templated":true}]}}