{"id":68612,"date":"2021-05-10T17:38:36","date_gmt":"2021-05-10T17:38:36","guid":{"rendered":"https:\/\/sertv.gob.pa\/nacionalfm\/?p=68612"},"modified":"2021-05-10T17:38:36","modified_gmt":"2021-05-10T17:38:36","slug":"la-salud-mental-de-los-europeos-se-deteriora-desde-el-inicio-de-la-pandemia","status":"publish","type":"post","link":"https:\/\/sertv.gob.pa\/nacionalfm\/la-salud-mental-de-los-europeos-se-deteriora-desde-el-inicio-de-la-pandemia\/","title":{"rendered":"La salud mental de los europeos se deteriora desde el inicio de la pandemia"},"content":{"rendered":"<p><strong><em>Bruselas, (EFE).- <\/em><\/strong><\/p>\n<p>&nbsp;<\/p>\n<p>La salud mental de los europeos alcanz\u00f3 el nivel m\u00e1s bajo en todos los grupos de edad despu\u00e9s de un a\u00f1o del inicio de la pandemia, donde los j\u00f3venes y los desempleados fueron los m\u00e1s afectados, seg\u00fan una encuesta de la Fundaci\u00f3n Europea para la Mejora de las Condiciones de Vida y Trabajo, Eurofound.<\/p>\n<p>El estudio publicado este lunes expuso que casi dos tercios de las personas de 18 a 34 a\u00f1os corren el riesgo de padecer depresi\u00f3n y, en el caso de las mujeres, el equilibrio entre la vida laboral y personal se ha visto desbordado durante la pandemia, especialmente en el caso de las que tienen ni\u00f1os peque\u00f1os.<\/p>\n<p>Adem\u00e1s, las desigualdades existentes entre la poblaci\u00f3n se est\u00e1n ampliando debido al impacto de la pandemia en los grupos vulnerables, ya que los hallazgos de la investigaci\u00f3n mostraron que las dificultades para llegar a fin de mes aumentaron significativamente entre quienes ya se encontraban en una situaci\u00f3n precaria.<\/p>\n<p>Eurofound se\u00f1al\u00f3 que la p\u00e9rdida general de empleo en la Uni\u00f3n Europea (UE) sigue aumentando un a\u00f1o despu\u00e9s del inicio de la pandemia, y casi el 10 % de las personas que ten\u00edan un puesto de trabajo ahora est\u00e1n desempleadas, un aumento con respecto al 8 % del verano de 2020 y el doble que se registr\u00f3 en la primavera de 2020, con un 5 %. En el caso de los j\u00f3venes, el n\u00famero de desempleados aument\u00f3 al 17 %.<\/p>\n<p>Sin embargo, las perspectivas sobre la situaci\u00f3n financiera son m\u00e1s favorables para muchos en toda Europa, y en siete Estados miembros de la UE el pesimismo sobre el futuro es menor que en el verano de 2020.<\/p>\n<p>El jefe de la Unidad de Pol\u00edticas Sociales de Eurofound, Massimiliano Mascherini, subray\u00f3 que la pandemia de Covid-19 \u201cha tenido un costo mental en los ciudadanos a medida que m\u00e1s temen la enfermedad, las dificultades econ\u00f3micas y la incertidumbre sobre el impacto real de la crisis\u201d.<\/p>\n<p>Asimismo, Mascherini apunt\u00f3 que si no se evita el aumento continuo de las desigualdades entre los ciudadanos y entre los Estados miembros, \u201cse corre el riesgo de socavar a\u00fan m\u00e1s la confianza de los europeos en sus instituciones\u201d, as\u00ed como desencadenar el descontento pol\u00edtico y repercutir negativamente en la respuesta epidemiol\u00f3gica de Europa a la pandemia.<\/p>\n<p>La encuesta se\u00f1al\u00f3 que la confianza en las instituciones se ha desplomado, especialmente la confianza en los Gobiernos nacionales, que cay\u00f3 de 4,6 en el verano de 2020 a 3,9 en la primavera de 2021.<\/p>\n<p>Adem\u00e1s, la satisfacci\u00f3n de los ciudadanos con las medidas de apoyo en caso de crisis ha disminuido dr\u00e1sticamente, y solo el 12 % ahora siente que las medidas de apoyo son justas, frente al 22 % en el verano de 2020.<\/p>\n<p>La encuesta tambi\u00e9n revel\u00f3 que m\u00e1s de un tercio de las personas que viven en Europa tienen dudas hacia la vacuna contra la Covid-19, y los hombres se muestran m\u00e1s indecisos (29 %) que las mujeres (25 %).<\/p>\n<p>La tercera ronda de esta encuesta en l\u00ednea se realiz\u00f3 en febrero y marzo de 2021 para conocer la situaci\u00f3n social y econ\u00f3mica de las personas en toda Europa despu\u00e9s de casi un a\u00f1o de vivir con restricciones por la pandemia de Covid-19.<\/p>\n<p>El informe analiz\u00f3 los principales hallazgos y rastre\u00f3 los desarrollos y tendencias en curso en los 27 Estados miembros de la UE desde que se lanz\u00f3 la encuesta por primera vez en abril de 2020.<\/p>\n<p>&nbsp;<\/p>\n<p>Fuente: EFE<\/p>\n","protected":false},"excerpt":{"rendered":"<p>Bruselas, (EFE).- &nbsp; La salud mental de los europeos alcanz\u00f3 <a href=\"https:\/\/sertv.gob.pa\/nacionalfm\/la-salud-mental-de-los-europeos-se-deteriora-desde-el-inicio-de-la-pandemia\/\"> [&#8230;]<\/a><\/p>\n","protected":false},"author":9,"featured_media":68613,"comment_status":"closed","ping_status":"closed","sticky":false,"template":"","format":"standard","meta":{"footnotes":""},"categories":[3],"tags":[],"class_list":["post-68612","post","type-post","status-publish","format-standard","has-post-thumbnail","hentry","category-internacionales"],"_links":{"self":[{"href":"https:\/\/sertv.gob.pa\/nacionalfm\/wp-json\/wp\/v2\/posts\/68612","targetHints":{"allow":["GET"]}}],"collection":[{"href":"https:\/\/sertv.gob.pa\/nacionalfm\/wp-json\/wp\/v2\/posts"}],"about":[{"href":"https:\/\/sertv.gob.pa\/nacionalfm\/wp-json\/wp\/v2\/types\/post"}],"author":[{"embeddable":true,"href":"https:\/\/sertv.gob.pa\/nacionalfm\/wp-json\/wp\/v2\/users\/9"}],"replies":[{"embeddable":true,"href":"https:\/\/sertv.gob.pa\/nacionalfm\/wp-json\/wp\/v2\/comments?post=68612"}],"version-history":[{"count":1,"href":"https:\/\/sertv.gob.pa\/nacionalfm\/wp-json\/wp\/v2\/posts\/68612\/revisions"}],"predecessor-version":[{"id":68614,"href":"https:\/\/sertv.gob.pa\/nacionalfm\/wp-json\/wp\/v2\/posts\/68612\/revisions\/68614"}],"wp:featuredmedia":[{"embeddable":true,"href":"https:\/\/sertv.gob.pa\/nacionalfm\/wp-json\/wp\/v2\/media\/68613"}],"wp:attachment":[{"href":"https:\/\/sertv.gob.pa\/nacionalfm\/wp-json\/wp\/v2\/media?parent=68612"}],"wp:term":[{"taxonomy":"category","embeddable":true,"href":"https:\/\/sertv.gob.pa\/nacionalfm\/wp-json\/wp\/v2\/categories?post=68612"},{"taxonomy":"post_tag","embeddable":true,"href":"https:\/\/sertv.gob.pa\/nacionalfm\/wp-json\/wp\/v2\/tags?post=68612"}],"curies":[{"name":"wp","href":"https:\/\/api.w.org\/{rel}","templated":true}]}}