{"id":68690,"date":"2021-05-11T17:13:10","date_gmt":"2021-05-11T17:13:10","guid":{"rendered":"https:\/\/sertv.gob.pa\/nacionalfm\/?p=68690"},"modified":"2021-05-11T17:13:10","modified_gmt":"2021-05-11T17:13:10","slug":"los-anticuerpos-contra-la-covid-duran-al-menos-8-meses-en-la-mayoria-de-los-casos","status":"publish","type":"post","link":"https:\/\/sertv.gob.pa\/nacionalfm\/los-anticuerpos-contra-la-covid-duran-al-menos-8-meses-en-la-mayoria-de-los-casos\/","title":{"rendered":"Los anticuerpos contra la covid duran al menos 8 meses en la mayor\u00eda de los casos"},"content":{"rendered":"<p><strong><em>Roma, (EFE).- <\/em><\/strong><\/p>\n<p>&nbsp;<\/p>\n<p>Los anticuerpos neutralizantes contra el SARS-CoV-2 persisten en los pacientes que los desarrollan al menos 8 meses tras la infecci\u00f3n en la mayor\u00eda de los casos, asegura un estudio dado a conocer hoy por el hospital milan\u00e9s de San Raffaele y el Instituto Superior de Sanidad italiano (ISS).<\/p>\n<p>Los contagiados que producen anticuerpos en los primeros quince d\u00edas tienen menor riesgo de padecer s\u00edntomas graves de covid-19, a\u00f1ade el estudio, publicado este martes en la revista cient\u00edfica \u00abNature Communications\u00bb.<\/p>\n<p>La duraci\u00f3n de los anticuerpos y la importancia de su presencia temprana para combatir la infecci\u00f3n son los dos principales resultados de la investigaci\u00f3n, realizada por la Unidad de Evoluci\u00f3n y Transmisi\u00f3n Viral del Hospital San Raffaele y el San Raffaele Diabetes Research Institute, en colaboraci\u00f3n con el Centro para la Salud Goblal y el Departamento de Enfermedades Infecciosas del ISS.<\/p>\n<p>A partir del seguimiento de 162 pacientes positivos al SARS-CoV-2 con diversos s\u00edntomas, la investigaci\u00f3n concluye que los anticuerpos permanecen en el organismo durante al menos 8 meses, independientemente de la gravedad de la enfermedad, la edad de los enfermos o la presencia de patolog\u00edas previas.<\/p>\n<p>Las primeras muestras de sangre tomadas corresponden a marzo y abril de 2020, mientras que las \u00faltimas se realizaron en noviembre.<\/p>\n<p>\u00abOcho meses despu\u00e9s del diagn\u00f3stico solo hubo tres pacientes que ya no mostraron su positividad a la prueba (de anticuerpos)\u00bb, explicaron hoy el ISS y el San Raffaele en un comunicado.<\/p>\n<p>El 79 % de las personas analizadas produjeron anticuerpos en las dos primeras semanas desde el inicio de los s\u00edntomas, y los que no lo hicieron tuvieron un mayor riesgo de padecer dolencias graves, al margen de otros factores.<\/p>\n<p>\u00abLos pacientes que no pueden producir anticuerpos neutralizantes durante la primera semana de infecci\u00f3n deben identificarse y tratarse a tiempo, ya que tienen un alto riesgo de desarrollar formas graves de la enfermedad\u00bb, afirm\u00f3 la directora de la Unidad de Evoluci\u00f3n y Transmisi\u00f3n Viral del Hospital San Raffaele, Gabriella Scarlatti, seg\u00fan se recoge en la nota.<\/p>\n<p>El estudio tiene \u00abimplicaciones tanto en la gesti\u00f3n cl\u00ednica de la enfermedad en el paciente como en la contenci\u00f3n de la pandemia\u00bb, a\u00f1adi\u00f3 Scarlatti.<\/p>\n<p>La investigaci\u00f3n tambi\u00e9n analiz\u00f3 la reactivaci\u00f3n de anticuerpos frente a coronavirus estacionales, los responsables del resfriado, y concluy\u00f3 que estos \u00abreconocen parcialmente el nuevo coronavirus y pueden reactivarse tras la infecci\u00f3n, aunque no son efectivos para neutralizarlo\u00bb.<\/p>\n<p>No obstante, se trata de una buena noticia, ya que se tem\u00eda que la expansi\u00f3n de este tipo de anticuerpos ralentizara la producci\u00f3n de los espec\u00edficos para el SARS-CoV-2 y tuviera efectos negativos en el curso de la infecci\u00f3n.<\/p>\n<p>&nbsp;<\/p>\n<p>Fuente: EFE<\/p>\n","protected":false},"excerpt":{"rendered":"<p>Roma, (EFE).- &nbsp; Los anticuerpos neutralizantes contra el SARS-CoV-2 persisten <a href=\"https:\/\/sertv.gob.pa\/nacionalfm\/los-anticuerpos-contra-la-covid-duran-al-menos-8-meses-en-la-mayoria-de-los-casos\/\"> [&#8230;]<\/a><\/p>\n","protected":false},"author":9,"featured_media":68691,"comment_status":"closed","ping_status":"closed","sticky":false,"template":"","format":"standard","meta":{"footnotes":""},"categories":[3],"tags":[],"class_list":["post-68690","post","type-post","status-publish","format-standard","has-post-thumbnail","hentry","category-internacionales"],"_links":{"self":[{"href":"https:\/\/sertv.gob.pa\/nacionalfm\/wp-json\/wp\/v2\/posts\/68690","targetHints":{"allow":["GET"]}}],"collection":[{"href":"https:\/\/sertv.gob.pa\/nacionalfm\/wp-json\/wp\/v2\/posts"}],"about":[{"href":"https:\/\/sertv.gob.pa\/nacionalfm\/wp-json\/wp\/v2\/types\/post"}],"author":[{"embeddable":true,"href":"https:\/\/sertv.gob.pa\/nacionalfm\/wp-json\/wp\/v2\/users\/9"}],"replies":[{"embeddable":true,"href":"https:\/\/sertv.gob.pa\/nacionalfm\/wp-json\/wp\/v2\/comments?post=68690"}],"version-history":[{"count":1,"href":"https:\/\/sertv.gob.pa\/nacionalfm\/wp-json\/wp\/v2\/posts\/68690\/revisions"}],"predecessor-version":[{"id":68692,"href":"https:\/\/sertv.gob.pa\/nacionalfm\/wp-json\/wp\/v2\/posts\/68690\/revisions\/68692"}],"wp:featuredmedia":[{"embeddable":true,"href":"https:\/\/sertv.gob.pa\/nacionalfm\/wp-json\/wp\/v2\/media\/68691"}],"wp:attachment":[{"href":"https:\/\/sertv.gob.pa\/nacionalfm\/wp-json\/wp\/v2\/media?parent=68690"}],"wp:term":[{"taxonomy":"category","embeddable":true,"href":"https:\/\/sertv.gob.pa\/nacionalfm\/wp-json\/wp\/v2\/categories?post=68690"},{"taxonomy":"post_tag","embeddable":true,"href":"https:\/\/sertv.gob.pa\/nacionalfm\/wp-json\/wp\/v2\/tags?post=68690"}],"curies":[{"name":"wp","href":"https:\/\/api.w.org\/{rel}","templated":true}]}}