{"id":68693,"date":"2021-05-11T17:20:17","date_gmt":"2021-05-11T17:20:17","guid":{"rendered":"https:\/\/sertv.gob.pa\/nacionalfm\/?p=68693"},"modified":"2021-05-11T17:20:17","modified_gmt":"2021-05-11T17:20:17","slug":"la-ema-adelanta-a-final-de-mayo-la-evaluacion-de-pfizer-en-menores-de-12-a-15","status":"publish","type":"post","link":"https:\/\/sertv.gob.pa\/nacionalfm\/la-ema-adelanta-a-final-de-mayo-la-evaluacion-de-pfizer-en-menores-de-12-a-15\/","title":{"rendered":"La EMA adelanta a final de mayo la evaluaci\u00f3n de Pfizer en menores de 12 a 15"},"content":{"rendered":"<p>&nbsp;<\/p>\n<p><strong><em>La Haya, (EFE).- <\/em><\/strong><\/p>\n<p>&nbsp;<\/p>\n<p>La Agencia Europea de Medicamentos (EMA) asegur\u00f3 este martes a Efe que, \u201cdebido al progreso en la evaluaci\u00f3n\u201d del uso de la vacuna de Pfizer en menores de entre 12 y 15 a\u00f1os, espera concluir la revisi\u00f3n de todos los datos disponibles de los ensayos cl\u00ednicos en este grupo de edad \u201cantes de finales de este mes\u201d.<\/p>\n<p>Una fuente del regulador europeo subray\u00f3 que \u201coriginalmente, la EMA ten\u00eda como objetivo emitir una opini\u00f3n en junio\u201d, pero el comit\u00e9 de medicamentos de uso humano (CHMP) pretende ahora \u201cacelerar el calendario con vistas a concluir la revisi\u00f3n antes de finales de este mes\u201d.<\/p>\n<p>El pasado d\u00eda 3, la EMA empez\u00f3 a evaluar la solicitud de las farmac\u00e9uticas Pfizer y BioNTech para incluir a los menores de entre 12 y 15 a\u00f1os en la vacunaci\u00f3n con su preparado contra la covid-19, una opci\u00f3n autorizada ayer en Estados Unidos por la Administraci\u00f3n de F\u00e1rmacos y Alimentos (FDA, en ingl\u00e9s).<\/p>\n<p>&nbsp;<\/p>\n<p>Fuente: EFE<\/p>\n","protected":false},"excerpt":{"rendered":"<p>&nbsp; La Haya, (EFE).- &nbsp; La Agencia Europea de Medicamentos <a href=\"https:\/\/sertv.gob.pa\/nacionalfm\/la-ema-adelanta-a-final-de-mayo-la-evaluacion-de-pfizer-en-menores-de-12-a-15\/\"> [&#8230;]<\/a><\/p>\n","protected":false},"author":9,"featured_media":68694,"comment_status":"closed","ping_status":"closed","sticky":false,"template":"","format":"standard","meta":{"footnotes":""},"categories":[3],"tags":[],"class_list":["post-68693","post","type-post","status-publish","format-standard","has-post-thumbnail","hentry","category-internacionales"],"_links":{"self":[{"href":"https:\/\/sertv.gob.pa\/nacionalfm\/wp-json\/wp\/v2\/posts\/68693","targetHints":{"allow":["GET"]}}],"collection":[{"href":"https:\/\/sertv.gob.pa\/nacionalfm\/wp-json\/wp\/v2\/posts"}],"about":[{"href":"https:\/\/sertv.gob.pa\/nacionalfm\/wp-json\/wp\/v2\/types\/post"}],"author":[{"embeddable":true,"href":"https:\/\/sertv.gob.pa\/nacionalfm\/wp-json\/wp\/v2\/users\/9"}],"replies":[{"embeddable":true,"href":"https:\/\/sertv.gob.pa\/nacionalfm\/wp-json\/wp\/v2\/comments?post=68693"}],"version-history":[{"count":1,"href":"https:\/\/sertv.gob.pa\/nacionalfm\/wp-json\/wp\/v2\/posts\/68693\/revisions"}],"predecessor-version":[{"id":68695,"href":"https:\/\/sertv.gob.pa\/nacionalfm\/wp-json\/wp\/v2\/posts\/68693\/revisions\/68695"}],"wp:featuredmedia":[{"embeddable":true,"href":"https:\/\/sertv.gob.pa\/nacionalfm\/wp-json\/wp\/v2\/media\/68694"}],"wp:attachment":[{"href":"https:\/\/sertv.gob.pa\/nacionalfm\/wp-json\/wp\/v2\/media?parent=68693"}],"wp:term":[{"taxonomy":"category","embeddable":true,"href":"https:\/\/sertv.gob.pa\/nacionalfm\/wp-json\/wp\/v2\/categories?post=68693"},{"taxonomy":"post_tag","embeddable":true,"href":"https:\/\/sertv.gob.pa\/nacionalfm\/wp-json\/wp\/v2\/tags?post=68693"}],"curies":[{"name":"wp","href":"https:\/\/api.w.org\/{rel}","templated":true}]}}