{"id":68703,"date":"2021-05-11T17:56:39","date_gmt":"2021-05-11T17:56:39","guid":{"rendered":"https:\/\/sertv.gob.pa\/nacionalfm\/?p=68703"},"modified":"2021-05-11T17:56:39","modified_gmt":"2021-05-11T17:56:39","slug":"obtienen-el-mapa-genomico-completo-del-sars-cov-2","status":"publish","type":"post","link":"https:\/\/sertv.gob.pa\/nacionalfm\/obtienen-el-mapa-genomico-completo-del-sars-cov-2\/","title":{"rendered":"Obtienen el mapa gen\u00f3mico completo del SARS-CoV-2"},"content":{"rendered":"<p><strong><em>Ciencia, (EFE).- <\/em><\/strong><\/p>\n<p>&nbsp;<\/p>\n<p>Pocos meses despu\u00e9s de declarase la pandemia de covid-19, al inicio de 2020, los cient\u00edficos secuenciaron el genoma del virus, el SARS-CoV-2, pero a\u00fan segu\u00edan sin conocerse muchos genes codificadores de prote\u00ednas. Ahora, un estudio de gen\u00f3mica comparativa ha permitido generar el mapa gen\u00e9tico m\u00e1s preciso y completo del virus.<\/p>\n<p>Hecho por investigadores del Instituto de Tecnolog\u00eda de Massachusetts (MIT) y publicado este martes en la revista Nature Communications, el estudio ha confirmado varios genes codificadores de prote\u00ednas y ha descubierto que otros -que se hab\u00edan propuesto como genes- no codificaban ninguna prote\u00edna.<\/p>\n<p>\u00abPudimos utilizar este potente enfoque de gen\u00f3mica comparativa de firmas evolutivas para descubrir el verdadero contenido funcional de codificaci\u00f3n de prote\u00ednas de este genoma de enorme importancia\u00bb, destaca Manolis Kellis, autor principal del estudio y profesor de ciencias de la computaci\u00f3n del MIT, y miembro del Instituto Broad del MIT y Harvard.<\/p>\n<p>En una segunda parte del estudio, el equipo de investigaci\u00f3n tambi\u00e9n analiz\u00f3 cerca de 2.000 mutaciones que han surgido en el SARS-CoV-2 desde el inicio de la pandemia, lo que les permiti\u00f3 evaluar la importancia que pueden tener esas mutaciones y su capacidad para evadir el sistema inmunitario o volverse m\u00e1s infeccioso.<\/p>\n<p>Se sab\u00eda que, con casi 30.000 bases de ARN, el genoma del SARS-CoV-2 tiene varias regiones que codifican genes de prote\u00ednas y otras de las que hab\u00eda sospechas pero no se hab\u00edan clasificado definitivamente.<\/p>\n<p>Para determinar qu\u00e9 partes del genoma del SARS-CoV-2 contiene realmente genes, los investigadores recurrieron a la gen\u00f3mica comparativa, y compararon el SARS-CoV-2 (que pertenece a un subg\u00e9nero de virus llamado Sarbecovirus, que infecta a los murci\u00e9lagos) con el SARS-CoV (que caus\u00f3 el brote de SARS de 2003) y 42 cepas de sarbecovirus de murci\u00e9lagos.<\/p>\n<p>As\u00ed, confirmaron seis genes codificadores de prote\u00ednas en el genoma del SARS-CoV-2, adem\u00e1s de los cinco que est\u00e1n bien establecidos en todos los coronavirus.<\/p>\n<p>Tambi\u00e9n determinaron que la regi\u00f3n que codifica un gen llamado ORF3a tambi\u00e9n codifica un gen adicional, el ORF3c, que tiene bases de ARN que se solapan con el ORF3a, pero que est\u00e1n en un marco de lectura diferente, algo raro en los genomas grandes, pero com\u00fan en muchos virus y que, en el caso del SARS-CoV-2, a\u00fan no se sabe qu\u00e9 funci\u00f3n tiene.<\/p>\n<p>Los investigadores tambi\u00e9n demostraron que otras cinco regiones que se hab\u00edan propuesto como posibles genes no codifican prote\u00ednas funcionales, y descartaron que queden otros por descubrir.<\/p>\n<p>Adem\u00e1s, los autores vieron que muchos trabajos anteriores utilizaban no s\u00f3lo conjuntos de genes incorrectos, sino tambi\u00e9n, a veces, nombres contradictorios, por lo que, en un art\u00edculo paralelo publicado recientemente en la revista Virology, presentaron unas recomendaciones para nombrar los genes del SARS-CoV-2.<\/p>\n<p>En el estudio, los investigadores tambi\u00e9n analizaron m\u00e1s de 1.800 mutaciones que han surgido en el SARS-CoV-2 y descubrieron que, en la mayor\u00eda de los casos, los genes que evolucionaban r\u00e1pidamente antes de la pandemia han seguido haci\u00e9ndolo, y los que tend\u00edan a evolucionar lentamente han mantenido esa tendencia.<\/p>\n<p>Asimismo, analizaron las mutaciones que han surgido en variantes preocupantes, como la cepa brit\u00e1nica, la de Brasil y la de Sud\u00e1frica y observaron que muchas de las mutaciones que hacen que esas variantes sean m\u00e1s peligrosas se encuentran en la prote\u00edna de la espiga, que ayuda al virus a propagarse con rapidez y a evitar el sistema inmunitario.<\/p>\n<p>Sin embargo, cada una de esas variantes tiene \u00abm\u00e1s de 20 mutaciones m\u00e1s, y es importante saber cu\u00e1les de ellas pueden hacer algo y cu\u00e1les no\u00bb, advierte Irwin Jungreis, autor principal del estudio e investigador del MIT.<\/p>\n<p>Para los autores estos datos podr\u00edan ayudar a otros cient\u00edficos a centrar su atenci\u00f3n en las mutaciones que parecen tener efectos m\u00e1s significativos en la infectividad del virus.<\/p>\n<p>&nbsp;<\/p>\n<p>&nbsp;<\/p>\n<p>Fuente: EFE<\/p>\n","protected":false},"excerpt":{"rendered":"<p>Ciencia, (EFE).- &nbsp; Pocos meses despu\u00e9s de declarase la pandemia <a href=\"https:\/\/sertv.gob.pa\/nacionalfm\/obtienen-el-mapa-genomico-completo-del-sars-cov-2\/\"> [&#8230;]<\/a><\/p>\n","protected":false},"author":9,"featured_media":68704,"comment_status":"closed","ping_status":"closed","sticky":false,"template":"","format":"standard","meta":{"footnotes":""},"categories":[3],"tags":[],"class_list":["post-68703","post","type-post","status-publish","format-standard","has-post-thumbnail","hentry","category-internacionales"],"_links":{"self":[{"href":"https:\/\/sertv.gob.pa\/nacionalfm\/wp-json\/wp\/v2\/posts\/68703","targetHints":{"allow":["GET"]}}],"collection":[{"href":"https:\/\/sertv.gob.pa\/nacionalfm\/wp-json\/wp\/v2\/posts"}],"about":[{"href":"https:\/\/sertv.gob.pa\/nacionalfm\/wp-json\/wp\/v2\/types\/post"}],"author":[{"embeddable":true,"href":"https:\/\/sertv.gob.pa\/nacionalfm\/wp-json\/wp\/v2\/users\/9"}],"replies":[{"embeddable":true,"href":"https:\/\/sertv.gob.pa\/nacionalfm\/wp-json\/wp\/v2\/comments?post=68703"}],"version-history":[{"count":1,"href":"https:\/\/sertv.gob.pa\/nacionalfm\/wp-json\/wp\/v2\/posts\/68703\/revisions"}],"predecessor-version":[{"id":68705,"href":"https:\/\/sertv.gob.pa\/nacionalfm\/wp-json\/wp\/v2\/posts\/68703\/revisions\/68705"}],"wp:featuredmedia":[{"embeddable":true,"href":"https:\/\/sertv.gob.pa\/nacionalfm\/wp-json\/wp\/v2\/media\/68704"}],"wp:attachment":[{"href":"https:\/\/sertv.gob.pa\/nacionalfm\/wp-json\/wp\/v2\/media?parent=68703"}],"wp:term":[{"taxonomy":"category","embeddable":true,"href":"https:\/\/sertv.gob.pa\/nacionalfm\/wp-json\/wp\/v2\/categories?post=68703"},{"taxonomy":"post_tag","embeddable":true,"href":"https:\/\/sertv.gob.pa\/nacionalfm\/wp-json\/wp\/v2\/tags?post=68703"}],"curies":[{"name":"wp","href":"https:\/\/api.w.org\/{rel}","templated":true}]}}