{"id":68770,"date":"2021-05-12T17:16:45","date_gmt":"2021-05-12T17:16:45","guid":{"rendered":"https:\/\/sertv.gob.pa\/nacionalfm\/?p=68770"},"modified":"2021-05-12T17:23:06","modified_gmt":"2021-05-12T17:23:06","slug":"italia-aprueba-definitivamente-al-desvio-de-los-cruceros-de-venecia","status":"publish","type":"post","link":"https:\/\/sertv.gob.pa\/nacionalfm\/italia-aprueba-definitivamente-al-desvio-de-los-cruceros-de-venecia\/","title":{"rendered":"Italia aprueba definitivamente al desv\u00edo de los cruceros de Venecia"},"content":{"rendered":"<p><strong><em>Roma, (EFE).-<\/em><\/strong><\/p>\n<p>&nbsp;<\/p>\n<p>La C\u00e1mara de los diputados italianos aprob\u00f3 hoy el decreto con el que el Gobierno quiere desviar definitivamente los grandes barcos, sobre todo cruceros, de su paso por Venecia para proteger esta delicada ciudad, por lo que la ley entra en vigor definitivamente.<\/p>\n<p>El decreto fue aprobado por 317 votos a favor, 16 en contra y 19 abstenciones y contaba ya con el visto bueno del Senado, donde el pasado 29 de abril obtuvo tambi\u00e9n el apoyo de todos los partidos que apoyan al Gobierno de Mario Draghi: Partido Dem\u00f3crata, Movimiento Cinco Estrellas, Italia Viva, Forza Italia y la Liga.<\/p>\n<p>El decreto ley, presentado el 31 de marzo pasado, espira a zanjar una cuesti\u00f3n espinosa desde hace a\u00f1os, la del paso de los grandes barcos y cruceros cerca de la Ciudad de los Canales, lo que levanta las cr\u00edticas de vecinos y organizaciones medioambientales.<\/p>\n<p>El Gobierno lanzar\u00e1 un concurso p\u00fablico para recibir ideas que permitan construir un puerto para estas embarcaciones, de m\u00e1s de 40.000 toneladas, fuera de la laguna en la que se encuentra Venecia, separada del mar Adri\u00e1tico por una estrecha manga de tierra.<\/p>\n<p>Hasta el momento estos buques, tur\u00edsticos o comerciales, navegaban frente a la plaza de San Marcos para recorrer el Canal de la Giudecca con direcci\u00f3n a la Estaci\u00f3n Mar\u00edtima, el puerto en el que atracaban, en el extremo oeste de la isla.<\/p>\n<p>La UNESCO solicit\u00f3 ya en 2012 al Gobierno italiano que buscara alternativas al tr\u00e1fico mar\u00edtimo en la zona de la laguna de Venecia para acabar con el paso de grandes barcos, que ha sido una de las condiciones que posteriormente ha impuesto para evitar que Venecia sea eliminada de la lista de ciudades patrimonio de la Humanidad.<\/p>\n<p>Sin embargo, esto no evitar\u00e1 que el pr\u00f3ximo junio vuelvan a pasar los cruceros frente a la plaza de San Marcos, ya que est\u00e1 previsto que al menos tres barcos inicien sus recorridos en la Ciudad de los Canales, pues por el momento ser\u00e1n necesarias algunas obras para crear un desembarcadero en el puerto comercial de Marghera.<\/p>\n<p>Mientras se utiliza esta soluci\u00f3n temporal, la ley prev\u00e9 una licitaci\u00f3n, que se publicar\u00e1 en el plazo de 60 d\u00edas, en la que se recoger\u00e1n ideas que permitan atracar fuera de Venecia a las l\u00edneas de cruceros en el Adri\u00e1tico.<\/p>\n<p>De esta manera se acabar\u00e1 con el paso de las cerca 530 grandes naves que antes de la pandemia pasaban cada a\u00f1o frente a Venecia.<\/p>\n<p>&nbsp;<\/p>\n<p>Fuente: EFE<\/p>\n","protected":false},"excerpt":{"rendered":"<p>Roma, (EFE).- &nbsp; La C\u00e1mara de los diputados italianos aprob\u00f3 <a href=\"https:\/\/sertv.gob.pa\/nacionalfm\/italia-aprueba-definitivamente-al-desvio-de-los-cruceros-de-venecia\/\"> [&#8230;]<\/a><\/p>\n","protected":false},"author":9,"featured_media":68771,"comment_status":"closed","ping_status":"closed","sticky":false,"template":"","format":"standard","meta":{"footnotes":""},"categories":[3],"tags":[],"class_list":["post-68770","post","type-post","status-publish","format-standard","has-post-thumbnail","hentry","category-internacionales"],"_links":{"self":[{"href":"https:\/\/sertv.gob.pa\/nacionalfm\/wp-json\/wp\/v2\/posts\/68770","targetHints":{"allow":["GET"]}}],"collection":[{"href":"https:\/\/sertv.gob.pa\/nacionalfm\/wp-json\/wp\/v2\/posts"}],"about":[{"href":"https:\/\/sertv.gob.pa\/nacionalfm\/wp-json\/wp\/v2\/types\/post"}],"author":[{"embeddable":true,"href":"https:\/\/sertv.gob.pa\/nacionalfm\/wp-json\/wp\/v2\/users\/9"}],"replies":[{"embeddable":true,"href":"https:\/\/sertv.gob.pa\/nacionalfm\/wp-json\/wp\/v2\/comments?post=68770"}],"version-history":[{"count":2,"href":"https:\/\/sertv.gob.pa\/nacionalfm\/wp-json\/wp\/v2\/posts\/68770\/revisions"}],"predecessor-version":[{"id":68773,"href":"https:\/\/sertv.gob.pa\/nacionalfm\/wp-json\/wp\/v2\/posts\/68770\/revisions\/68773"}],"wp:featuredmedia":[{"embeddable":true,"href":"https:\/\/sertv.gob.pa\/nacionalfm\/wp-json\/wp\/v2\/media\/68771"}],"wp:attachment":[{"href":"https:\/\/sertv.gob.pa\/nacionalfm\/wp-json\/wp\/v2\/media?parent=68770"}],"wp:term":[{"taxonomy":"category","embeddable":true,"href":"https:\/\/sertv.gob.pa\/nacionalfm\/wp-json\/wp\/v2\/categories?post=68770"},{"taxonomy":"post_tag","embeddable":true,"href":"https:\/\/sertv.gob.pa\/nacionalfm\/wp-json\/wp\/v2\/tags?post=68770"}],"curies":[{"name":"wp","href":"https:\/\/api.w.org\/{rel}","templated":true}]}}