{"id":68774,"date":"2021-05-12T17:30:35","date_gmt":"2021-05-12T17:30:35","guid":{"rendered":"https:\/\/sertv.gob.pa\/nacionalfm\/?p=68774"},"modified":"2021-05-12T17:30:35","modified_gmt":"2021-05-12T17:30:35","slug":"los-sintomas-neurologicos-tras-la-covid-19-multiplican-por-seis-el-riesgo-de-morir","status":"publish","type":"post","link":"https:\/\/sertv.gob.pa\/nacionalfm\/los-sintomas-neurologicos-tras-la-covid-19-multiplican-por-seis-el-riesgo-de-morir\/","title":{"rendered":"Los s\u00edntomas neurol\u00f3gicos tras la covid-19 multiplican por seis el riesgo de morir"},"content":{"rendered":"<p><strong><em>Washington, (EFE).- <\/em><\/strong><\/p>\n<p>Los pacientes enfermos de covid-19 que desarrollan s\u00edntomas neurol\u00f3gicos tienen un riesgo seis veces mayor de morir, seg\u00fan un estudio internacional publicado este martes en la revista m\u00e9dica JAMA Network Open.<\/p>\n<p>Los resultados, a\u00fan provisionales, se obtuvieron con el an\u00e1lisis de 3.744 adultos hospitalizados en 133 ubicaciones alrededor de los cinco continentes.<\/p>\n<p>La principal conclusi\u00f3n del estudio fue que el 82 % de pacientes hospitalizados desarrollan s\u00edntomas neurol\u00f3gicos que van desde dolores de cabeza a la p\u00e9rdida del olfato o el gusto, lo que multiplica por seis el riesgo de morir.<\/p>\n<p>\u00abTener cualquier s\u00edntoma neurol\u00f3gico relacionado con la covid-19, desde algo aparentemente inofensivo como la p\u00e9rdida del olfato hasta eventos importantes, como accidentes cerebrovasculares, se asocia con un riesgo seis veces mayor de morir\u00bb, seg\u00fan un comunicado.<\/p>\n<p>Adem\u00e1s, los pacientes con enfermedades neurol\u00f3gicas preexistentes como demencia o migra\u00f1as cr\u00f3nicas tienen un riesgo doble de desarrollar s\u00edntomas neurol\u00f3gicos relacionados con la covid-19.<\/p>\n<p>\u00abDesde temprano en la pandemia fue evidente que un gran n\u00famero de personas que estaban lo suficientemente enfermas como para ser hospitalizadas tambi\u00e9n desarrollan problemas neurol\u00f3gicos\u00bb, dijo en un comunicado la investigadora Sherry Chou.<\/p>\n<p>Chou, profesora de neurolog\u00eda de la Universidad de Pittsburg, en Estados Unidos, lider\u00f3 el consorcio internacional que elabor\u00f3 el estudio.<\/p>\n<p>\u00abUn a\u00f1o despu\u00e9s -agreg\u00f3-, todav\u00eda estamos luchando contra un enemigo invisible desconocido y, como en cualquier batalla, necesitamos informaci\u00f3n: tenemos que aprender todo lo que podamos sobre los impactos neurol\u00f3gicos de la covid-19 en pacientes que est\u00e1n activamente enfermos y en sobrevivientes\u00bb.<\/p>\n<p>De hecho, el estudio alerta de la \u00abincertidumbre\u00bb futura para los pacientes que sobrevivieron a la enfermedad.<\/p>\n<p>Chou dijo que \u00abincluso si la pandemia se erradicase por completo, todav\u00eda estamos hablando de millones de sobrevivientes\u00bb con potenciales problemas en el futuro.<\/p>\n<p>&nbsp;<\/p>\n<p>Fuente: EFE<\/p>\n","protected":false},"excerpt":{"rendered":"<p>Washington, (EFE).- Los pacientes enfermos de covid-19 que desarrollan s\u00edntomas <a href=\"https:\/\/sertv.gob.pa\/nacionalfm\/los-sintomas-neurologicos-tras-la-covid-19-multiplican-por-seis-el-riesgo-de-morir\/\"> [&#8230;]<\/a><\/p>\n","protected":false},"author":9,"featured_media":68775,"comment_status":"closed","ping_status":"closed","sticky":false,"template":"","format":"standard","meta":{"footnotes":""},"categories":[3],"tags":[],"class_list":["post-68774","post","type-post","status-publish","format-standard","has-post-thumbnail","hentry","category-internacionales"],"_links":{"self":[{"href":"https:\/\/sertv.gob.pa\/nacionalfm\/wp-json\/wp\/v2\/posts\/68774","targetHints":{"allow":["GET"]}}],"collection":[{"href":"https:\/\/sertv.gob.pa\/nacionalfm\/wp-json\/wp\/v2\/posts"}],"about":[{"href":"https:\/\/sertv.gob.pa\/nacionalfm\/wp-json\/wp\/v2\/types\/post"}],"author":[{"embeddable":true,"href":"https:\/\/sertv.gob.pa\/nacionalfm\/wp-json\/wp\/v2\/users\/9"}],"replies":[{"embeddable":true,"href":"https:\/\/sertv.gob.pa\/nacionalfm\/wp-json\/wp\/v2\/comments?post=68774"}],"version-history":[{"count":1,"href":"https:\/\/sertv.gob.pa\/nacionalfm\/wp-json\/wp\/v2\/posts\/68774\/revisions"}],"predecessor-version":[{"id":68776,"href":"https:\/\/sertv.gob.pa\/nacionalfm\/wp-json\/wp\/v2\/posts\/68774\/revisions\/68776"}],"wp:featuredmedia":[{"embeddable":true,"href":"https:\/\/sertv.gob.pa\/nacionalfm\/wp-json\/wp\/v2\/media\/68775"}],"wp:attachment":[{"href":"https:\/\/sertv.gob.pa\/nacionalfm\/wp-json\/wp\/v2\/media?parent=68774"}],"wp:term":[{"taxonomy":"category","embeddable":true,"href":"https:\/\/sertv.gob.pa\/nacionalfm\/wp-json\/wp\/v2\/categories?post=68774"},{"taxonomy":"post_tag","embeddable":true,"href":"https:\/\/sertv.gob.pa\/nacionalfm\/wp-json\/wp\/v2\/tags?post=68774"}],"curies":[{"name":"wp","href":"https:\/\/api.w.org\/{rel}","templated":true}]}}