{"id":68777,"date":"2021-05-12T17:40:58","date_gmt":"2021-05-12T17:40:58","guid":{"rendered":"https:\/\/sertv.gob.pa\/nacionalfm\/?p=68777"},"modified":"2021-05-12T17:40:58","modified_gmt":"2021-05-12T17:40:58","slug":"pfizer-dice-que-su-vacuna-es-mas-eficaz-en-adolescentes-que-en-jovenes","status":"publish","type":"post","link":"https:\/\/sertv.gob.pa\/nacionalfm\/pfizer-dice-que-su-vacuna-es-mas-eficaz-en-adolescentes-que-en-jovenes\/","title":{"rendered":"Pfizer dice que su vacuna es m\u00e1s eficaz en adolescentes que en j\u00f3venes"},"content":{"rendered":"<p><strong><em>Washington, (EFE).- <\/em><\/strong><\/p>\n<p>&nbsp;<\/p>\n<p>Pfizer asegur\u00f3 este mi\u00e9rcoles que su vacuna contra la covid-19 es m\u00e1s eficaz en adolescentes de entre 12 y 15 a\u00f1os que en adultos j\u00f3venes de entre 16 y 25 a\u00f1os, durante una reuni\u00f3n de un comit\u00e9 cient\u00edfico de Estados Unidos que est\u00e1 revisando los datos en ese rango de edad.<\/p>\n<p>As\u00ed lo se\u00f1al\u00f3 el representante de la farmac\u00e9utica, John Perez, durante el encuentro que mantiene el Comit\u00e9 Asesor sobre Pr\u00e1cticas de Inmunizaci\u00f3n (ACIP, en ingl\u00e9s).<\/p>\n<p>Ese \u00f3rgano independiente de los Centros para la Prevenci\u00f3n y Control de EE.UU. (CDC, en ingl\u00e9s) votar\u00e1 este mi\u00e9rcoles si recomienda el uso de esa vacuna en j\u00f3venes de entre 12 y 15 a\u00f1os, como paso final para su administraci\u00f3n.<\/p>\n<p>Perez explic\u00f3, apoy\u00e1ndose en gr\u00e1ficos, que durante los experimentos observaron una eficacia del 100 % en los adolescentes de esas edades.<\/p>\n<p>Incluso \u00abla respuesta inmune excedi\u00f3 la de los adultos j\u00f3venes de entre 16 y 25 a\u00f1os de edad\u00bb, dijo el m\u00e9dico.<\/p>\n<p>Por ello, subray\u00f3 que los datos de \u00abinmunogenicidad\u00bb -la capacidad de un ant\u00edgeno para activar el sistema inmunitario- y de eficacia apoyan \u00abfirmemente\u00bb el uso de la vacuna en adolescentes de entre 12 y 15 a\u00f1os.<\/p>\n<p>Perez tambi\u00e9n hizo hincapi\u00e9 en que los efectos secundarios de la vacuna en ese rango de edad fueron similares a los observados en adultos j\u00f3venes de entre 16 y 25 a\u00f1os, como dolor moderado en el punto donde se recibi\u00f3 la inyecci\u00f3n, fiebre, jaqueca y mialgias.<\/p>\n<p>La Administraci\u00f3n de F\u00e1rmacos y Alimentos (FDA, en ingl\u00e9s) de EE.UU. concedi\u00f3 el lunes autorizaci\u00f3n para uso de emergencia a la vacuna contra la covid-19 de Pfizer para adolescentes mayores de 12 a\u00f1os.<\/p>\n<p>De esta forma los reguladores actualizaron el permiso que dio a la farmac\u00e9utica estadounidense en diciembre pasado, cuando solo la autoriz\u00f3 para mayores de 16 a\u00f1os.<\/p>\n<p>Pfizer y su socio BioNTech hab\u00edan solicitado a las autoridades estadounidenses la aprobaci\u00f3n para uso de emergencia de su vacuna para menores de entre 12 y 15 a\u00f1os, tras demostrar que tiene una eficacia del 100 % en este grupo de edad.<\/p>\n<p>Se espera que el ACIP vote a favor de recomendar la administraci\u00f3n de esta vacuna para personas de ese grupo de edad, que tendr\u00e1 que ser firmada por la directora de los CDC, Rochell Walensky.<\/p>\n<p>La acci\u00f3n de los CDC significar\u00e1 que podr\u00e1n administrarse dosis a esos j\u00f3venes en cualquier lugar autorizado.<\/p>\n<p>Algunos estados, como Arkansas, Delaware y Georgia, ya abrieron el martes la posibilidad de registrarse para ser vacunado a los adolescentes entre 12 y 15 a\u00f1os, pero otros estados est\u00e1n esperando a la recomendaci\u00f3n de los CDC.<\/p>\n<p>Sin el visto bueno de los CDC, algunos seguros no cubren la vacunaci\u00f3n en esas edades.<\/p>\n<p>&nbsp;<\/p>\n<p>Fuente: EFE<\/p>\n","protected":false},"excerpt":{"rendered":"<p>Washington, (EFE).- &nbsp; Pfizer asegur\u00f3 este mi\u00e9rcoles que su vacuna <a href=\"https:\/\/sertv.gob.pa\/nacionalfm\/pfizer-dice-que-su-vacuna-es-mas-eficaz-en-adolescentes-que-en-jovenes\/\"> [&#8230;]<\/a><\/p>\n","protected":false},"author":9,"featured_media":68778,"comment_status":"closed","ping_status":"closed","sticky":false,"template":"","format":"standard","meta":{"footnotes":""},"categories":[3],"tags":[],"class_list":["post-68777","post","type-post","status-publish","format-standard","has-post-thumbnail","hentry","category-internacionales"],"_links":{"self":[{"href":"https:\/\/sertv.gob.pa\/nacionalfm\/wp-json\/wp\/v2\/posts\/68777","targetHints":{"allow":["GET"]}}],"collection":[{"href":"https:\/\/sertv.gob.pa\/nacionalfm\/wp-json\/wp\/v2\/posts"}],"about":[{"href":"https:\/\/sertv.gob.pa\/nacionalfm\/wp-json\/wp\/v2\/types\/post"}],"author":[{"embeddable":true,"href":"https:\/\/sertv.gob.pa\/nacionalfm\/wp-json\/wp\/v2\/users\/9"}],"replies":[{"embeddable":true,"href":"https:\/\/sertv.gob.pa\/nacionalfm\/wp-json\/wp\/v2\/comments?post=68777"}],"version-history":[{"count":1,"href":"https:\/\/sertv.gob.pa\/nacionalfm\/wp-json\/wp\/v2\/posts\/68777\/revisions"}],"predecessor-version":[{"id":68779,"href":"https:\/\/sertv.gob.pa\/nacionalfm\/wp-json\/wp\/v2\/posts\/68777\/revisions\/68779"}],"wp:featuredmedia":[{"embeddable":true,"href":"https:\/\/sertv.gob.pa\/nacionalfm\/wp-json\/wp\/v2\/media\/68778"}],"wp:attachment":[{"href":"https:\/\/sertv.gob.pa\/nacionalfm\/wp-json\/wp\/v2\/media?parent=68777"}],"wp:term":[{"taxonomy":"category","embeddable":true,"href":"https:\/\/sertv.gob.pa\/nacionalfm\/wp-json\/wp\/v2\/categories?post=68777"},{"taxonomy":"post_tag","embeddable":true,"href":"https:\/\/sertv.gob.pa\/nacionalfm\/wp-json\/wp\/v2\/tags?post=68777"}],"curies":[{"name":"wp","href":"https:\/\/api.w.org\/{rel}","templated":true}]}}