{"id":68835,"date":"2021-05-13T16:48:19","date_gmt":"2021-05-13T16:48:19","guid":{"rendered":"https:\/\/sertv.gob.pa\/nacionalfm\/?p=68835"},"modified":"2021-05-13T16:48:19","modified_gmt":"2021-05-13T16:48:19","slug":"china-diagnostica-9-nuevos-positivos-todos-provenientes-del-extranjero","status":"publish","type":"post","link":"https:\/\/sertv.gob.pa\/nacionalfm\/china-diagnostica-9-nuevos-positivos-todos-provenientes-del-extranjero\/","title":{"rendered":"China diagnostica 9 nuevos positivos, todos provenientes del extranjero"},"content":{"rendered":"<p><strong><em>Pek\u00edn, (EFE).- <\/em><\/strong><\/p>\n<p>&nbsp;<\/p>\n<p>La Comisi\u00f3n Nacional de Sanidad de China inform\u00f3 hoy de que el pa\u00eds asi\u00e1tico detect\u00f3 9 nuevos positivos del coronavirus SARS-CoV-2 este mi\u00e9rcoles, todos ellos detectados a viajeros provenientes de fuera de las fronteras de la China continental.<\/p>\n<p>Estos 9 casos se detectaron en las \u00e1reas metropolitana de Shangh\u00e1i (este, 2) y Tianjin (noreste, 1), y en las provincias de Cant\u00f3n (sureste, 2), Mongolia Interior (norte, 1), Shandong (este, 1), Sichu\u00e1n (centro, 1) y Shanxi (centro, 1).<\/p>\n<p>Se trata del primer d\u00eda desde el pasado d\u00eda 8 en el que la estad\u00edstica de nuevos contagios queda en un solo d\u00edgito en China, que no ha informado de contagios locales desde el pasado 21 de abril.<\/p>\n<p>Por otra parte, las autoridades sanitarias tambi\u00e9n informaron hoy de la detecci\u00f3n de 14 nuevas infecciones asintom\u00e1ticas (todas ellas, \u00abimportadas\u00bb), aunque Pek\u00edn no las incluye como casos confirmados a menos que manifiesten s\u00edntomas.<\/p>\n<p>El total de este tipo de infecciones en observaci\u00f3n es de 317, de las que 311 proceden de otros territorios.<\/p>\n<p>Asimismo, la Comisi\u00f3n Nacional de Sanidad detall\u00f3 que, hasta la pasada medianoche local (16.00 GMT del mi\u00e9rcoles), se dio de alta a 20 pacientes tras superar con \u00e9xito la covid-19, mientras que uno entr\u00f3 en estado de gravedad.<\/p>\n<p>De este modo, el n\u00famero total de contagiados activos en la China continental se situ\u00f3 en 291, uno de los cuales se encuentra grave.<\/p>\n<p>Seg\u00fan las cuentas de la instituci\u00f3n, desde el inicio de la pandemia, se han infectado 90.808 personas en el pa\u00eds, entre las que 85.881 han logrado sanar y 4.636 fallecieron.<\/p>\n<p>Hasta la fecha se ha realizado seguimiento m\u00e9dico a 1.013.232 contactos cercanos con infectados, de los cuales 5.489 contin\u00faan en observaci\u00f3n.<\/p>\n<p>&nbsp;<\/p>\n<p>Fuente: EFE<\/p>\n<p>&nbsp;<\/p>\n","protected":false},"excerpt":{"rendered":"<p>Pek\u00edn, (EFE).- &nbsp; La Comisi\u00f3n Nacional de Sanidad de China <a href=\"https:\/\/sertv.gob.pa\/nacionalfm\/china-diagnostica-9-nuevos-positivos-todos-provenientes-del-extranjero\/\"> [&#8230;]<\/a><\/p>\n","protected":false},"author":9,"featured_media":68836,"comment_status":"closed","ping_status":"closed","sticky":false,"template":"","format":"standard","meta":{"footnotes":""},"categories":[3],"tags":[],"class_list":["post-68835","post","type-post","status-publish","format-standard","has-post-thumbnail","hentry","category-internacionales"],"_links":{"self":[{"href":"https:\/\/sertv.gob.pa\/nacionalfm\/wp-json\/wp\/v2\/posts\/68835","targetHints":{"allow":["GET"]}}],"collection":[{"href":"https:\/\/sertv.gob.pa\/nacionalfm\/wp-json\/wp\/v2\/posts"}],"about":[{"href":"https:\/\/sertv.gob.pa\/nacionalfm\/wp-json\/wp\/v2\/types\/post"}],"author":[{"embeddable":true,"href":"https:\/\/sertv.gob.pa\/nacionalfm\/wp-json\/wp\/v2\/users\/9"}],"replies":[{"embeddable":true,"href":"https:\/\/sertv.gob.pa\/nacionalfm\/wp-json\/wp\/v2\/comments?post=68835"}],"version-history":[{"count":1,"href":"https:\/\/sertv.gob.pa\/nacionalfm\/wp-json\/wp\/v2\/posts\/68835\/revisions"}],"predecessor-version":[{"id":68837,"href":"https:\/\/sertv.gob.pa\/nacionalfm\/wp-json\/wp\/v2\/posts\/68835\/revisions\/68837"}],"wp:featuredmedia":[{"embeddable":true,"href":"https:\/\/sertv.gob.pa\/nacionalfm\/wp-json\/wp\/v2\/media\/68836"}],"wp:attachment":[{"href":"https:\/\/sertv.gob.pa\/nacionalfm\/wp-json\/wp\/v2\/media?parent=68835"}],"wp:term":[{"taxonomy":"category","embeddable":true,"href":"https:\/\/sertv.gob.pa\/nacionalfm\/wp-json\/wp\/v2\/categories?post=68835"},{"taxonomy":"post_tag","embeddable":true,"href":"https:\/\/sertv.gob.pa\/nacionalfm\/wp-json\/wp\/v2\/tags?post=68835"}],"curies":[{"name":"wp","href":"https:\/\/api.w.org\/{rel}","templated":true}]}}