{"id":68838,"date":"2021-05-13T17:09:27","date_gmt":"2021-05-13T17:09:27","guid":{"rendered":"https:\/\/sertv.gob.pa\/nacionalfm\/?p=68838"},"modified":"2021-05-13T17:09:27","modified_gmt":"2021-05-13T17:09:27","slug":"pacientes-en-dialisis-necesitan-las-dos-dosis-de-la-vacuna-segun-un-estudio","status":"publish","type":"post","link":"https:\/\/sertv.gob.pa\/nacionalfm\/pacientes-en-dialisis-necesitan-las-dos-dosis-de-la-vacuna-segun-un-estudio\/","title":{"rendered":"Pacientes en di\u00e1lisis necesitan las dos dosis de la vacuna, seg\u00fan un estudio"},"content":{"rendered":"<p><strong><em>Toronto (Canad\u00e1), (EFE).- <\/em><\/strong><\/p>\n<p><strong><em>\u00a0<\/em><\/strong><\/p>\n<p><strong><em>\u00a0<\/em><\/strong><\/p>\n<p>Un estudio dado a conocer este mi\u00e9rcoles en la revista de la asociaci\u00f3n m\u00e9dica de Canad\u00e1 (CMAJ) se\u00f1ala que la mayor\u00eda de los pacientes en hemodi\u00e1lisis no desarrollan los anticuerpos adecuados tras recibir la primera dosis de la vacuna contra la covid-19 y necesitan, por tanto, las dos.<\/p>\n<p>El estudio, realizado por cient\u00edficos del Instituto de Investigaci\u00f3n del Centro de Salud de la Universidad McGill de Montreal, recomienda que los pacientes en hemodi\u00e1lisis reciban la segunda dosis tres semanas despu\u00e9s de la primera.<\/p>\n<p>\u00abUna sola dosis de la vacuna BNT162b2 (Pfizer) no produjo la respuesta de inmunidad humoral en la mayor\u00eda de los pacientes en hemodi\u00e1lisis sin una infecci\u00f3n previa de SARS-CoV-2, incluso despu\u00e9s de una prolongada observaci\u00f3n\u00bb, concluy\u00f3 el estudio.<\/p>\n<p>\u00abEn aquellos con infecci\u00f3n previa de SARS-CoV-2, la respuesta de anticuerpos se retras\u00f3. Aconsejamos que los pacientes que reciben hemodi\u00e1lisis sean prioritarios para una segunda dosis de BNT162b2 en el intervalo recomendado de tres semanas\u00bb, termin\u00f3 se\u00f1alando.<\/p>\n<p>El estudio recuerda que las personas que tienen que recibir hemodi\u00e1lisis son especialmente vulnerables porque tienen que salir de sus hogares tres veces a la semana para recibir tratamiento en centros hospitalarios y sus \u00edndices de mortalidad por la covid-19 se sit\u00faan entre el 20 % y el 30 %, 10 veces superior al de la poblaci\u00f3n general.<\/p>\n<p>Canad\u00e1 es el \u00fanico pa\u00eds industrializado que ha decidido retrasar hasta cuatro meses la administraci\u00f3n de la segunda dosis de las vacunas contra la covid-19 para poder inmunizar parcialmente al m\u00e1ximo n\u00famero de la poblaci\u00f3n con al menos un inyectable.<\/p>\n<p>La nefr\u00f3loga Rita Suri, una de las autoras del estudio, explic\u00f3 en un comunicado la recomendaci\u00f3n de la segunda dosis de Pfizer en tres semanas y que las unidades de hemodi\u00e1lisis mantengan rigurosas medidas de prevenci\u00f3n y control de la infecci\u00f3n de SARS-CoV-2 hasta que la eficacia de la vacuna es conocida\u00bb.<\/p>\n<p>El estudio incluy\u00f3 154 pacientes que est\u00e1n recibiendo hemodi\u00e1lisis en la provincia canadiense de Quebec, de los que 19 ten\u00edan una infecci\u00f3n previa del coronavirus, as\u00ed como un grupo de control formado por 40 voluntarios sanos, 20 de ellos con una infecci\u00f3n previa de SARS-CoV-2.<\/p>\n<p>Los cient\u00edficos tambi\u00e9n estudiaron el plasma convaleciente de 16 pacientes de di\u00e1lisis que sobrevivieron a la covid-19.<\/p>\n<p>Para realizar el estudio, los cient\u00edficos analizaron los niveles de anticuerpos y descubrieron que, tras recibir la primera dosis de la vacuna de Pfizer, los pacientes en di\u00e1lisis que nunca estuvieron expuestos a covid-19 presentaban niveles de anticuerpos menores que los de los participantes en los dos grupos de control.<\/p>\n<p>Los anticuerpos no fueron detectables en el 57 % de los pacientes que estaban recibiendo hemodi\u00e1lisis. Y de los 154 pacientes en di\u00e1lisis, cuatro desarrollaron la covid-19 tras ser vacunados.<\/p>\n<p>El estudio revel\u00f3 que \u00ablos pacientes en hemodi\u00e1lisis que no respondieron a las cuatro semanas tampoco respondieron a las ocho semanas, lo que es un argumento en contra de la posibilidad de una respuesta retrasada en estos individuos\u00bb.<\/p>\n<p>\u00abLos pacientes de m\u00e1s edad y aquellos con inmunosupresi\u00f3n ten\u00edan niveles incluso m\u00e1s bajo de tasas de sercovonversi\u00f3n, pero incluso pacientes m\u00e1s j\u00f3venes sin inmunosupresi\u00f3n tuvieron una tasas de seropositividad m\u00e1s bajas que las de los grupos de control\u00bb, a\u00f1adieron los autores.<\/p>\n<p>&nbsp;<\/p>\n<p>Fuente: EFE<\/p>\n<p>&nbsp;<\/p>\n","protected":false},"excerpt":{"rendered":"<p>Toronto (Canad\u00e1), (EFE).- \u00a0 \u00a0 Un estudio dado a conocer <a href=\"https:\/\/sertv.gob.pa\/nacionalfm\/pacientes-en-dialisis-necesitan-las-dos-dosis-de-la-vacuna-segun-un-estudio\/\"> [&#8230;]<\/a><\/p>\n","protected":false},"author":9,"featured_media":68839,"comment_status":"closed","ping_status":"closed","sticky":false,"template":"","format":"standard","meta":{"footnotes":""},"categories":[3],"tags":[],"class_list":["post-68838","post","type-post","status-publish","format-standard","has-post-thumbnail","hentry","category-internacionales"],"_links":{"self":[{"href":"https:\/\/sertv.gob.pa\/nacionalfm\/wp-json\/wp\/v2\/posts\/68838","targetHints":{"allow":["GET"]}}],"collection":[{"href":"https:\/\/sertv.gob.pa\/nacionalfm\/wp-json\/wp\/v2\/posts"}],"about":[{"href":"https:\/\/sertv.gob.pa\/nacionalfm\/wp-json\/wp\/v2\/types\/post"}],"author":[{"embeddable":true,"href":"https:\/\/sertv.gob.pa\/nacionalfm\/wp-json\/wp\/v2\/users\/9"}],"replies":[{"embeddable":true,"href":"https:\/\/sertv.gob.pa\/nacionalfm\/wp-json\/wp\/v2\/comments?post=68838"}],"version-history":[{"count":1,"href":"https:\/\/sertv.gob.pa\/nacionalfm\/wp-json\/wp\/v2\/posts\/68838\/revisions"}],"predecessor-version":[{"id":68840,"href":"https:\/\/sertv.gob.pa\/nacionalfm\/wp-json\/wp\/v2\/posts\/68838\/revisions\/68840"}],"wp:featuredmedia":[{"embeddable":true,"href":"https:\/\/sertv.gob.pa\/nacionalfm\/wp-json\/wp\/v2\/media\/68839"}],"wp:attachment":[{"href":"https:\/\/sertv.gob.pa\/nacionalfm\/wp-json\/wp\/v2\/media?parent=68838"}],"wp:term":[{"taxonomy":"category","embeddable":true,"href":"https:\/\/sertv.gob.pa\/nacionalfm\/wp-json\/wp\/v2\/categories?post=68838"},{"taxonomy":"post_tag","embeddable":true,"href":"https:\/\/sertv.gob.pa\/nacionalfm\/wp-json\/wp\/v2\/tags?post=68838"}],"curies":[{"name":"wp","href":"https:\/\/api.w.org\/{rel}","templated":true}]}}