{"id":68850,"date":"2021-05-13T18:06:28","date_gmt":"2021-05-13T18:06:28","guid":{"rendered":"https:\/\/sertv.gob.pa\/nacionalfm\/?p=68850"},"modified":"2021-05-13T18:06:28","modified_gmt":"2021-05-13T18:06:28","slug":"ascienden-a-87-los-muertos-en-gaza-en-la-escalada-de-violencia-con-israel","status":"publish","type":"post","link":"https:\/\/sertv.gob.pa\/nacionalfm\/ascienden-a-87-los-muertos-en-gaza-en-la-escalada-de-violencia-con-israel\/","title":{"rendered":"Ascienden a 87 los muertos en Gaza en la escalada de violencia con Israel"},"content":{"rendered":"<p><strong><em>Gaza, (EFE).- <\/em><\/strong><\/p>\n<p>&nbsp;<\/p>\n<p>Los palestinos muertos en Gaza desde el comienzo de la actual escalada b\u00e9lica con Israel se elev\u00f3 hoy a 87, entre ellos 18 ni\u00f1os y ocho mujeres, inform\u00f3 hoy el Ministerio de Sanidad del enclave.<\/p>\n<p>El aumento en los fallecimientos se da tras una serie de bombardeos israel\u00edes, que siguieron nuevas olas de cohetes lanzados desde la franja.<\/p>\n<p>Del lado israel\u00ed, por otra parte, la cifra de muertos se mantiene en siete, tras el fallecimiento ayer de un ni\u00f1o de cinco a\u00f1os.<\/p>\n<p>El n\u00famero de heridos, adem\u00e1s, super\u00f3 hoy los 500 en Gaza mientras que Israel contabiliza m\u00e1s de 200.<\/p>\n<p>Las milicias en el enclave lanzaron hoy varias r\u00e1fagas de cohetes hacia el centro y sur de Israel, principalmente en direcci\u00f3n a las comunidades colindantes pero tambi\u00e9n contra las ciudades de Tel Aviv, Beer Sheva y Eilat, en el extremo sur del pa\u00eds.<\/p>\n<p>El Ej\u00e9rcito israel\u00ed, por su parte, bombarde\u00f3 hoy sitios desde donde los cuales las milicias lanzaban cohetes y atac\u00f3 numerosos edificios pertenecientes al movimiento islamista Ham\u00e1s, que controla de facto el enclave.<\/p>\n<p>Seg\u00fan un portavoz militar, entre los objetivos de Ham\u00e1s alcanzados se encontraban cuatro apartamentos utilizados por altos cargos del grupo para la planificaci\u00f3n de operaciones, un cuartel de inteligencia y la residencia de un miliciano al que describieron como encargado de la unidad de drones del grupo.<\/p>\n<p>La actual escalada de violencia, la peor desde 2014, ha contado ya con el lanzamiento de m\u00e1s de 1.600 cohetes desde Gaza hacia Israel, de los cuales al menos 400 cayeron dentro del enclave y la mayor\u00eda de los restantes fueron interceptados.<\/p>\n<p>Israel, por su parte, llev\u00f3 a cabo m\u00e1s de 600 bombardeos de represalia en Gaza, donde los ciudadanos describen un nivel de destrucci\u00f3n similar al de anteriores guerras.<\/p>\n<p>Adem\u00e1s, el Ej\u00e9rcito convoc\u00f3 hoy a 9.000 reservistas m\u00e1s y traslad\u00f3 m\u00e1s tropas a la frontera ante la previsi\u00f3n de una operaci\u00f3n terrestre dentro del enclave, una opci\u00f3n que no descarta.<\/p>\n<p>&nbsp;<\/p>\n<p>Fuente: EFE<\/p>\n<p>&nbsp;<\/p>\n","protected":false},"excerpt":{"rendered":"<p>Gaza, (EFE).- &nbsp; Los palestinos muertos en Gaza desde el <a href=\"https:\/\/sertv.gob.pa\/nacionalfm\/ascienden-a-87-los-muertos-en-gaza-en-la-escalada-de-violencia-con-israel\/\"> [&#8230;]<\/a><\/p>\n","protected":false},"author":9,"featured_media":68851,"comment_status":"closed","ping_status":"closed","sticky":false,"template":"","format":"standard","meta":{"footnotes":""},"categories":[3],"tags":[],"class_list":["post-68850","post","type-post","status-publish","format-standard","has-post-thumbnail","hentry","category-internacionales"],"_links":{"self":[{"href":"https:\/\/sertv.gob.pa\/nacionalfm\/wp-json\/wp\/v2\/posts\/68850","targetHints":{"allow":["GET"]}}],"collection":[{"href":"https:\/\/sertv.gob.pa\/nacionalfm\/wp-json\/wp\/v2\/posts"}],"about":[{"href":"https:\/\/sertv.gob.pa\/nacionalfm\/wp-json\/wp\/v2\/types\/post"}],"author":[{"embeddable":true,"href":"https:\/\/sertv.gob.pa\/nacionalfm\/wp-json\/wp\/v2\/users\/9"}],"replies":[{"embeddable":true,"href":"https:\/\/sertv.gob.pa\/nacionalfm\/wp-json\/wp\/v2\/comments?post=68850"}],"version-history":[{"count":1,"href":"https:\/\/sertv.gob.pa\/nacionalfm\/wp-json\/wp\/v2\/posts\/68850\/revisions"}],"predecessor-version":[{"id":68852,"href":"https:\/\/sertv.gob.pa\/nacionalfm\/wp-json\/wp\/v2\/posts\/68850\/revisions\/68852"}],"wp:featuredmedia":[{"embeddable":true,"href":"https:\/\/sertv.gob.pa\/nacionalfm\/wp-json\/wp\/v2\/media\/68851"}],"wp:attachment":[{"href":"https:\/\/sertv.gob.pa\/nacionalfm\/wp-json\/wp\/v2\/media?parent=68850"}],"wp:term":[{"taxonomy":"category","embeddable":true,"href":"https:\/\/sertv.gob.pa\/nacionalfm\/wp-json\/wp\/v2\/categories?post=68850"},{"taxonomy":"post_tag","embeddable":true,"href":"https:\/\/sertv.gob.pa\/nacionalfm\/wp-json\/wp\/v2\/tags?post=68850"}],"curies":[{"name":"wp","href":"https:\/\/api.w.org\/{rel}","templated":true}]}}