{"id":68928,"date":"2021-05-14T18:15:36","date_gmt":"2021-05-14T18:15:36","guid":{"rendered":"https:\/\/sertv.gob.pa\/nacionalfm\/?p=68928"},"modified":"2021-05-14T18:15:36","modified_gmt":"2021-05-14T18:15:36","slug":"suspenden-produccion-de-la-vacuna-de-la-sinovac-en-brasil-por-falta-de-insumos","status":"publish","type":"post","link":"https:\/\/sertv.gob.pa\/nacionalfm\/suspenden-produccion-de-la-vacuna-de-la-sinovac-en-brasil-por-falta-de-insumos\/","title":{"rendered":"Suspenden producci\u00f3n de la vacuna de la Sinovac en Brasil por falta de insumos"},"content":{"rendered":"<p><strong><em>R\u00edo de Janeiro, (EFE).- <\/em><\/strong><\/p>\n<p>&nbsp;<\/p>\n<p>El Instituto Butantan, uno de los centros de investigaci\u00f3n m\u00e9dica m\u00e1s prestigiosos de Brasil, suspendi\u00f3 a partir de este viernes la producci\u00f3n de la vacuna contra la covid-19 desarrollada por el laboratorio chino Sinovac, por falta de materia prima que es producida en el pa\u00eds asi\u00e1tico.<\/p>\n<p>El instituto est\u00e1 a la espera de que el Gobierno chino autorice la exportaci\u00f3n de un lote con 10.000 litros del Ingrediente Farmac\u00e9utico Activo (IFA), insumo sin el cual no se puede producir el inmunizante en Brasil, y con los que se fabricar\u00edan unas 18 millones de dosis.<\/p>\n<p>De acuerdo con el Butantan, al menos 3.000 litros de IFA eran esperados para este s\u00e1bado, pero la fecha no fue confirmada por las autoridades de China y todav\u00eda no hay una fecha definida por el Gobierno de ese pa\u00eds.<\/p>\n<p>Este viernes se entregaron 1,1 millones de dosis, el \u00faltimo lote de vacunas producidas por el Butantan, a la espera de la llegada de los insumos para poder iniciar nuevamente la producci\u00f3n.<\/p>\n<p>\u00abNo tenemos m\u00e1s insumos, no tenemos m\u00e1s IFA para la producci\u00f3n de vacunas\u00bb, asegur\u00f3 este viernes el gobernador de Sao Paulo, Joao Doria, tras entregar del \u00faltimo lote de ant\u00eddotos.<\/p>\n<p>En total, el Butantan ha entregado 47,2 millones de vacunas al Ministerio de Salud para la inmunizaci\u00f3n contra la covid-19 en Brasil, lo que corresponde al 70 % de todos los inmunizantes utilizados en el Plan de Vacunaci\u00f3n hasta la fecha, seg\u00fan el mandatario regional.<\/p>\n<p>Del 30 % restante, la mayor\u00eda de vacunas, unas 24 millones, corresponde a los producidos por la Fundaci\u00f3n Oswaldo Cruz (Fiocruz), que fabrica en el pa\u00eds la vacuna desarrollada por AstraZeneca\/Universidad de Oxford y que hasta el momento tambi\u00e9n depende de materia prima enviada desde China para su elaboraci\u00f3n.<\/p>\n<p>&nbsp;<\/p>\n<p>Fuente: EFE<\/p>\n","protected":false},"excerpt":{"rendered":"<p>R\u00edo de Janeiro, (EFE).- &nbsp; El Instituto Butantan, uno de <a href=\"https:\/\/sertv.gob.pa\/nacionalfm\/suspenden-produccion-de-la-vacuna-de-la-sinovac-en-brasil-por-falta-de-insumos\/\"> [&#8230;]<\/a><\/p>\n","protected":false},"author":9,"featured_media":68929,"comment_status":"closed","ping_status":"closed","sticky":false,"template":"","format":"standard","meta":{"footnotes":""},"categories":[3],"tags":[],"class_list":["post-68928","post","type-post","status-publish","format-standard","has-post-thumbnail","hentry","category-internacionales"],"_links":{"self":[{"href":"https:\/\/sertv.gob.pa\/nacionalfm\/wp-json\/wp\/v2\/posts\/68928","targetHints":{"allow":["GET"]}}],"collection":[{"href":"https:\/\/sertv.gob.pa\/nacionalfm\/wp-json\/wp\/v2\/posts"}],"about":[{"href":"https:\/\/sertv.gob.pa\/nacionalfm\/wp-json\/wp\/v2\/types\/post"}],"author":[{"embeddable":true,"href":"https:\/\/sertv.gob.pa\/nacionalfm\/wp-json\/wp\/v2\/users\/9"}],"replies":[{"embeddable":true,"href":"https:\/\/sertv.gob.pa\/nacionalfm\/wp-json\/wp\/v2\/comments?post=68928"}],"version-history":[{"count":1,"href":"https:\/\/sertv.gob.pa\/nacionalfm\/wp-json\/wp\/v2\/posts\/68928\/revisions"}],"predecessor-version":[{"id":68930,"href":"https:\/\/sertv.gob.pa\/nacionalfm\/wp-json\/wp\/v2\/posts\/68928\/revisions\/68930"}],"wp:featuredmedia":[{"embeddable":true,"href":"https:\/\/sertv.gob.pa\/nacionalfm\/wp-json\/wp\/v2\/media\/68929"}],"wp:attachment":[{"href":"https:\/\/sertv.gob.pa\/nacionalfm\/wp-json\/wp\/v2\/media?parent=68928"}],"wp:term":[{"taxonomy":"category","embeddable":true,"href":"https:\/\/sertv.gob.pa\/nacionalfm\/wp-json\/wp\/v2\/categories?post=68928"},{"taxonomy":"post_tag","embeddable":true,"href":"https:\/\/sertv.gob.pa\/nacionalfm\/wp-json\/wp\/v2\/tags?post=68928"}],"curies":[{"name":"wp","href":"https:\/\/api.w.org\/{rel}","templated":true}]}}