{"id":68931,"date":"2021-05-14T18:26:11","date_gmt":"2021-05-14T18:26:11","guid":{"rendered":"https:\/\/sertv.gob.pa\/nacionalfm\/?p=68931"},"modified":"2021-05-14T18:26:11","modified_gmt":"2021-05-14T18:26:11","slug":"oms-dejar-las-mascarillas-no-solo-depende-del-nivel-de-vacunacion-nacional","status":"publish","type":"post","link":"https:\/\/sertv.gob.pa\/nacionalfm\/oms-dejar-las-mascarillas-no-solo-depende-del-nivel-de-vacunacion-nacional\/","title":{"rendered":"OMS: dejar las mascarillas no s\u00f3lo depende del nivel de vacunaci\u00f3n nacional"},"content":{"rendered":"<p><strong><em>Ginebra, (EFE).- <\/em><\/strong><\/p>\n<p>&nbsp;<\/p>\n<p>Expertos de la Organizaci\u00f3n Mundial de la Salud (OMS) se\u00f1alaron hoy que el abandono de las mascarillas obligatorias en un pa\u00eds no s\u00f3lo depende del nivel de vacunaci\u00f3n contra la COVID-19 que haya alcanzado, en respuesta a la decisi\u00f3n en EEUU de permitir a los ya vacunados que dejen de usarlas.<\/p>\n<p>\u00abCon altos porcentajes de vacunaci\u00f3n se deber\u00edan tener bajos niveles de contagios comunitarios, pero hay un periodo de transici\u00f3n mientras aumentan las inmunizaciones y se reduce la transmisi\u00f3n\u00bb, se\u00f1al\u00f3 al respecto el director de Emergencias Sanitarias de la OMS, Mike Ryan, en rueda de prensa.<\/p>\n<p>Aunque no critic\u00f3 directamente la medida en EEUU, el experto irland\u00e9s subray\u00f3 que \u00abmantener medidas de seguridad p\u00fablica mientras se vacuna lo m\u00e1s posible coloca a los pa\u00edses en mejor posici\u00f3n de que puedan decir a sus ciudadanos que ya no tienen que llevar mascarilla\u00bb.<\/p>\n<p>\u00abCada pa\u00eds debe considerar las dos variables, cobertura sanitaria e incidencia local, a la hora de cambiar las medidas\u00bb, resumi\u00f3 el asesor de la OMS para la COVID-19, Bruce Aylward.<\/p>\n<p>La jefa de la c\u00e9lula t\u00e9cnica anticovid de la OMS, Mar\u00eda Van Kerkhove, a\u00f1adi\u00f3 que no siempre se ha necesitado llegar a altos porcentajes de vacunaci\u00f3n para abandonar las mascarillas si la transmisi\u00f3n en un pa\u00eds ya es antes baja, y puso el ejemplo de naciones como Australia o Nueva Zelanda.<\/p>\n<p>Nuevas recomendaciones de las autoridades federales estadounidenses emitidas este jueves indican que la poblaci\u00f3n completamente vacunada en el pa\u00eds contra la COVID-19 puede ir ya sin mascarilla la mayor\u00eda del tiempo, incluso en espacios cerrados o con un grupo numeroso de gente.<\/p>\n<p>&nbsp;<\/p>\n<p>Fuente: EFE<\/p>\n","protected":false},"excerpt":{"rendered":"<p>Ginebra, (EFE).- &nbsp; Expertos de la Organizaci\u00f3n Mundial de la <a href=\"https:\/\/sertv.gob.pa\/nacionalfm\/oms-dejar-las-mascarillas-no-solo-depende-del-nivel-de-vacunacion-nacional\/\"> [&#8230;]<\/a><\/p>\n","protected":false},"author":9,"featured_media":68932,"comment_status":"closed","ping_status":"closed","sticky":false,"template":"","format":"standard","meta":{"footnotes":""},"categories":[3],"tags":[],"class_list":["post-68931","post","type-post","status-publish","format-standard","has-post-thumbnail","hentry","category-internacionales"],"_links":{"self":[{"href":"https:\/\/sertv.gob.pa\/nacionalfm\/wp-json\/wp\/v2\/posts\/68931","targetHints":{"allow":["GET"]}}],"collection":[{"href":"https:\/\/sertv.gob.pa\/nacionalfm\/wp-json\/wp\/v2\/posts"}],"about":[{"href":"https:\/\/sertv.gob.pa\/nacionalfm\/wp-json\/wp\/v2\/types\/post"}],"author":[{"embeddable":true,"href":"https:\/\/sertv.gob.pa\/nacionalfm\/wp-json\/wp\/v2\/users\/9"}],"replies":[{"embeddable":true,"href":"https:\/\/sertv.gob.pa\/nacionalfm\/wp-json\/wp\/v2\/comments?post=68931"}],"version-history":[{"count":1,"href":"https:\/\/sertv.gob.pa\/nacionalfm\/wp-json\/wp\/v2\/posts\/68931\/revisions"}],"predecessor-version":[{"id":68933,"href":"https:\/\/sertv.gob.pa\/nacionalfm\/wp-json\/wp\/v2\/posts\/68931\/revisions\/68933"}],"wp:featuredmedia":[{"embeddable":true,"href":"https:\/\/sertv.gob.pa\/nacionalfm\/wp-json\/wp\/v2\/media\/68932"}],"wp:attachment":[{"href":"https:\/\/sertv.gob.pa\/nacionalfm\/wp-json\/wp\/v2\/media?parent=68931"}],"wp:term":[{"taxonomy":"category","embeddable":true,"href":"https:\/\/sertv.gob.pa\/nacionalfm\/wp-json\/wp\/v2\/categories?post=68931"},{"taxonomy":"post_tag","embeddable":true,"href":"https:\/\/sertv.gob.pa\/nacionalfm\/wp-json\/wp\/v2\/tags?post=68931"}],"curies":[{"name":"wp","href":"https:\/\/api.w.org\/{rel}","templated":true}]}}