{"id":68993,"date":"2021-05-17T19:21:35","date_gmt":"2021-05-17T19:21:35","guid":{"rendered":"https:\/\/sertv.gob.pa\/nacionalfm\/?p=68993"},"modified":"2021-05-17T19:21:35","modified_gmt":"2021-05-17T19:21:35","slug":"varios-ninos-han-sido-victimas-de-los-bombardeos-en-gaza-israel-acusa-a-hamas-de-usar-civiles-como-escudos-humanos","status":"publish","type":"post","link":"https:\/\/sertv.gob.pa\/nacionalfm\/varios-ninos-han-sido-victimas-de-los-bombardeos-en-gaza-israel-acusa-a-hamas-de-usar-civiles-como-escudos-humanos\/","title":{"rendered":"Varios ni\u00f1os han sido v\u00edctimas de los bombardeos en Gaza; Israel acusa a Hamas de usar civiles como escudos humanos"},"content":{"rendered":"<p>Los ataques a\u00e9reos de Israel mataron a por lo menos a 52 palestinos en Gaza el domingo, seg\u00fan el Ministerio de Salud palestino. La cifra representa un aumento en el que ya es el d\u00eda m\u00e1s mort\u00edfero desde que comenz\u00f3 el bombardeo israel\u00ed en Gaza el lunes.<\/p>\n<p>Desde ese d\u00eda al menos 3.100 cohetes han sido disparados desde<a href=\"https:\/\/cnnespanol.cnn.com\/2021\/05\/16\/situacion-en-israel-minuto-a-minuto-de-los-ataques-con-cohetes\/\" target=\"_blank\" rel=\"noopener\">\u00a0Gaza hacia Israel<\/a>, de los cuales 1.210 fueron interceptados por el Sistema de Defensa A\u00e9rea C\u00fapula de Hierro y 450 fueron lanzamientos fallidos, seg\u00fan informaron las Fuerzas de Defensa de Israel en un comunicado el domingo.<\/p>\n<p>El papa Francisco y la ONU piden que cese la violencia. Israel acusa a Hamas de usar a civiles como escudos humanos.<\/p>\n<p>&nbsp;<\/p>\n<p>Fuente: CNN<\/p>\n","protected":false},"excerpt":{"rendered":"<p>Los ataques a\u00e9reos de Israel mataron a por lo menos <a href=\"https:\/\/sertv.gob.pa\/nacionalfm\/varios-ninos-han-sido-victimas-de-los-bombardeos-en-gaza-israel-acusa-a-hamas-de-usar-civiles-como-escudos-humanos\/\"> [&#8230;]<\/a><\/p>\n","protected":false},"author":9,"featured_media":68994,"comment_status":"closed","ping_status":"closed","sticky":false,"template":"","format":"standard","meta":{"footnotes":""},"categories":[3],"tags":[],"class_list":["post-68993","post","type-post","status-publish","format-standard","has-post-thumbnail","hentry","category-internacionales"],"_links":{"self":[{"href":"https:\/\/sertv.gob.pa\/nacionalfm\/wp-json\/wp\/v2\/posts\/68993","targetHints":{"allow":["GET"]}}],"collection":[{"href":"https:\/\/sertv.gob.pa\/nacionalfm\/wp-json\/wp\/v2\/posts"}],"about":[{"href":"https:\/\/sertv.gob.pa\/nacionalfm\/wp-json\/wp\/v2\/types\/post"}],"author":[{"embeddable":true,"href":"https:\/\/sertv.gob.pa\/nacionalfm\/wp-json\/wp\/v2\/users\/9"}],"replies":[{"embeddable":true,"href":"https:\/\/sertv.gob.pa\/nacionalfm\/wp-json\/wp\/v2\/comments?post=68993"}],"version-history":[{"count":1,"href":"https:\/\/sertv.gob.pa\/nacionalfm\/wp-json\/wp\/v2\/posts\/68993\/revisions"}],"predecessor-version":[{"id":68995,"href":"https:\/\/sertv.gob.pa\/nacionalfm\/wp-json\/wp\/v2\/posts\/68993\/revisions\/68995"}],"wp:featuredmedia":[{"embeddable":true,"href":"https:\/\/sertv.gob.pa\/nacionalfm\/wp-json\/wp\/v2\/media\/68994"}],"wp:attachment":[{"href":"https:\/\/sertv.gob.pa\/nacionalfm\/wp-json\/wp\/v2\/media?parent=68993"}],"wp:term":[{"taxonomy":"category","embeddable":true,"href":"https:\/\/sertv.gob.pa\/nacionalfm\/wp-json\/wp\/v2\/categories?post=68993"},{"taxonomy":"post_tag","embeddable":true,"href":"https:\/\/sertv.gob.pa\/nacionalfm\/wp-json\/wp\/v2\/tags?post=68993"}],"curies":[{"name":"wp","href":"https:\/\/api.w.org\/{rel}","templated":true}]}}