{"id":69,"date":"2014-07-03T05:00:00","date_gmt":"2014-07-03T05:00:00","guid":{"rendered":""},"modified":"2014-07-03T05:00:00","modified_gmt":"2014-07-03T05:00:00","slug":"reunion-de-emergencia-para-detener-brote-de-ebola-en-africa","status":"publish","type":"post","link":"https:\/\/sertv.gob.pa\/nacionalfm\/reunion-de-emergencia-para-detener-brote-de-ebola-en-africa\/","title":{"rendered":"Reuni\u00f3n de emergencia para detener brote de \u00e9bola en \u00c1frica"},"content":{"rendered":"<p>\nAutoridades de salud africanas est\u00e1n llevando a cabo una reuni\u00f3n en Gana para discutir las formas de combatir la difusi\u00f3n de \u00e9bola en la regi\u00f3n. <\/p>\n<p>La reuni\u00f3n, citada por la Organizaci\u00f3n Mundial de la Salud, convoca a los ministros de Salud de los 11 pa\u00edses de \u00c1frica Occidental con sobrevivientes de la enfermedad y representantes de compa\u00f1\u00edas a\u00e9reas y mineras. <\/p>\n<p>M\u00e1s de 22 casos fueron reportados la \u00faltima semana, la mayor\u00eda de ellos en Sierra Leona. El brote actual empez\u00f3 en Guinea. <\/p>\n<p>Los m\u00e9dicos que trabajan para contener la enfermedad, que suma casi 460 muertos, dicen que el miedo y la hostilidad hacia el tratamiento son las principales barreras para el control del brote.\u00a0 @nacionalFm <\/p>\n<p>\u00a0 <\/p>\n","protected":false},"excerpt":{"rendered":"<p>Autoridades de salud africanas est\u00e1n llevando a cabo una reuni\u00f3n <a href=\"https:\/\/sertv.gob.pa\/nacionalfm\/reunion-de-emergencia-para-detener-brote-de-ebola-en-africa\/\"> [&#8230;]<\/a><\/p>\n","protected":false},"author":1,"featured_media":70,"comment_status":"closed","ping_status":"closed","sticky":false,"template":"","format":"standard","meta":{"footnotes":""},"categories":[5],"tags":[],"class_list":["post-69","post","type-post","status-publish","format-standard","has-post-thumbnail","hentry","category-salud"],"_links":{"self":[{"href":"https:\/\/sertv.gob.pa\/nacionalfm\/wp-json\/wp\/v2\/posts\/69","targetHints":{"allow":["GET"]}}],"collection":[{"href":"https:\/\/sertv.gob.pa\/nacionalfm\/wp-json\/wp\/v2\/posts"}],"about":[{"href":"https:\/\/sertv.gob.pa\/nacionalfm\/wp-json\/wp\/v2\/types\/post"}],"author":[{"embeddable":true,"href":"https:\/\/sertv.gob.pa\/nacionalfm\/wp-json\/wp\/v2\/users\/1"}],"replies":[{"embeddable":true,"href":"https:\/\/sertv.gob.pa\/nacionalfm\/wp-json\/wp\/v2\/comments?post=69"}],"version-history":[{"count":0,"href":"https:\/\/sertv.gob.pa\/nacionalfm\/wp-json\/wp\/v2\/posts\/69\/revisions"}],"wp:featuredmedia":[{"embeddable":true,"href":"https:\/\/sertv.gob.pa\/nacionalfm\/wp-json\/wp\/v2\/media\/70"}],"wp:attachment":[{"href":"https:\/\/sertv.gob.pa\/nacionalfm\/wp-json\/wp\/v2\/media?parent=69"}],"wp:term":[{"taxonomy":"category","embeddable":true,"href":"https:\/\/sertv.gob.pa\/nacionalfm\/wp-json\/wp\/v2\/categories?post=69"},{"taxonomy":"post_tag","embeddable":true,"href":"https:\/\/sertv.gob.pa\/nacionalfm\/wp-json\/wp\/v2\/tags?post=69"}],"curies":[{"name":"wp","href":"https:\/\/api.w.org\/{rel}","templated":true}]}}