{"id":69026,"date":"2021-05-18T15:49:15","date_gmt":"2021-05-18T15:49:15","guid":{"rendered":"https:\/\/sertv.gob.pa\/nacionalfm\/?p=69026"},"modified":"2021-05-18T15:49:15","modified_gmt":"2021-05-18T15:49:15","slug":"unos-6-000-migrantes-nadan-desde-marruecos-a-ceuta-enclave-espanol-en-el-norte-de-africa","status":"publish","type":"post","link":"https:\/\/sertv.gob.pa\/nacionalfm\/unos-6-000-migrantes-nadan-desde-marruecos-a-ceuta-enclave-espanol-en-el-norte-de-africa\/","title":{"rendered":"Unos 6.000 migrantes nadan desde Marruecos a Ceuta, enclave espa\u00f1ol en el norte de \u00c1frica"},"content":{"rendered":"<p><strong><em>(CNN) \u2014<\/em><\/strong><em>\u00a0<\/em><\/p>\n<p>Unos 6.000 migrantes de Marruecos\u00a0<a href=\"https:\/\/cnnespanol.cnn.com\/video\/espana-africa-3000-migrantes-nadan-marruecos-fernando-del-rincon-conclusiones\/\" target=\"_blank\" rel=\"noopener\">nadaron hasta el enclave espa\u00f1ol de Ceuta<\/a>, en el norte de \u00c1frica, desde el lunes, dijo el martes el ministro del Interior de Espa\u00f1a, Fernando Grande-Marlaska.<\/p>\n<p>Grande-Marlaska dijo que 1.500 de ellos ya hab\u00edan sido devueltos a Marruecos.<\/p>\n<p>Cuando se le pregunt\u00f3 si hab\u00eda 1.500 menores entre ese total de 6.000 migrantes, el ministro dijo a la emisora espa\u00f1ola TVE que \u00abes muy pronto para poder confirmar eso, pero razonablemente ese es el n\u00famero\u00bb de menores.<\/p>\n<p>En tanto, el presidente del gobierno espa\u00f1ol, Pedro S\u00e1nchez, cancel\u00f3 un viaje a Par\u00eds debido a la crisis, confirm\u00f3 su oficina. Mientras que Grande-Marlaska, se dirigir\u00e1 a Ceuta el martes por la tarde, dijo su portavoz a CNN.<\/p>\n<p>La reuni\u00f3n semanal del gabinete espa\u00f1ol de los martes se centra en este tema y se espera que el S\u00e1nchez y su ministro del Interior hagan declaraciones posteriormente.<\/p>\n<p>La Cruz Roja se encuentra en Ceuta atendiendo a los migrantes, dijo a TVE una portavoz de la organizaci\u00f3n.<\/p>\n<p>Isabel Brasero dijo que la Cruz Roja ha estado ayudando a los migrantes que llegaron a la playa de Tarajal, en Ceuta. Brasero dice que la Cruz Roja hab\u00eda visto adultos, ni\u00f1os y beb\u00e9s. Hasta ahora, parecen estar en buenas condiciones de salud, probablemente ayudados por las favorables condiciones clim\u00e1ticas y la corta distancia que nadaron. La Cruz Roja los est\u00e1 ayudando con ropa seca, mantas y comida.<\/p>\n<p>Los migrantes nadaron desde una playa en Marruecos, a lo largo de un rompeolas que se adentra en el Mediterr\u00e1neo, hasta el final de este y luego por el otro lado hasta la playa Tarajal, dijeron las autoridades espa\u00f1olas.<\/p>\n<p>Espa\u00f1a ha visto un reciente aumento de migrantes que llegan a sus costas. Frontex, la Agencia Europea de la Guardia de Fronteras y Costas, dice que \u201cm\u00e1s de 1.000 migrantes irregulares llegaron a las Islas Canarias en abril, tres veces el total del mismo mes del a\u00f1o pasado.<\/p>\n<p>\u00abEn el per\u00edodo enero-abril, cerca de 4.500 migrantes irregulares llegaron a las Islas Canarias, m\u00e1s del doble del total del mismo per\u00edodo de 2020.<\/p>\n<p>\u00abLos nacionales de los pa\u00edses subsaharianos, la mayor\u00eda de los cuales afirman ser de Mal\u00ed y Marruecos, representaron el mayor n\u00famero de llegadas\u00bb.<\/p>\n<p>Ceuta, con una poblaci\u00f3n de aproximadamente 84.000 habitantes, es uno de los\u00a0<a href=\"https:\/\/cnn.it\/2DBIKfk\" target=\"_blank\" rel=\"noopener\">enclaves de Espa\u00f1a en la costa norte de Marruecos<\/a>. El otro es Melilla. Ambos tienen vallas altas a lo largo de sus fronteras terrestres con Marruecos, que los migrantes a menudo intentan escalar para llegar a Espa\u00f1a y al territorio de la Uni\u00f3n Europea.<\/p>\n<p>&nbsp;<\/p>\n<p>Fuente: CNN<\/p>\n","protected":false},"excerpt":{"rendered":"<p>(CNN) \u2014\u00a0 Unos 6.000 migrantes de Marruecos\u00a0nadaron hasta el enclave <a href=\"https:\/\/sertv.gob.pa\/nacionalfm\/unos-6-000-migrantes-nadan-desde-marruecos-a-ceuta-enclave-espanol-en-el-norte-de-africa\/\"> [&#8230;]<\/a><\/p>\n","protected":false},"author":9,"featured_media":69027,"comment_status":"closed","ping_status":"closed","sticky":false,"template":"","format":"standard","meta":{"footnotes":""},"categories":[3],"tags":[],"class_list":["post-69026","post","type-post","status-publish","format-standard","has-post-thumbnail","hentry","category-internacionales"],"_links":{"self":[{"href":"https:\/\/sertv.gob.pa\/nacionalfm\/wp-json\/wp\/v2\/posts\/69026","targetHints":{"allow":["GET"]}}],"collection":[{"href":"https:\/\/sertv.gob.pa\/nacionalfm\/wp-json\/wp\/v2\/posts"}],"about":[{"href":"https:\/\/sertv.gob.pa\/nacionalfm\/wp-json\/wp\/v2\/types\/post"}],"author":[{"embeddable":true,"href":"https:\/\/sertv.gob.pa\/nacionalfm\/wp-json\/wp\/v2\/users\/9"}],"replies":[{"embeddable":true,"href":"https:\/\/sertv.gob.pa\/nacionalfm\/wp-json\/wp\/v2\/comments?post=69026"}],"version-history":[{"count":1,"href":"https:\/\/sertv.gob.pa\/nacionalfm\/wp-json\/wp\/v2\/posts\/69026\/revisions"}],"predecessor-version":[{"id":69028,"href":"https:\/\/sertv.gob.pa\/nacionalfm\/wp-json\/wp\/v2\/posts\/69026\/revisions\/69028"}],"wp:featuredmedia":[{"embeddable":true,"href":"https:\/\/sertv.gob.pa\/nacionalfm\/wp-json\/wp\/v2\/media\/69027"}],"wp:attachment":[{"href":"https:\/\/sertv.gob.pa\/nacionalfm\/wp-json\/wp\/v2\/media?parent=69026"}],"wp:term":[{"taxonomy":"category","embeddable":true,"href":"https:\/\/sertv.gob.pa\/nacionalfm\/wp-json\/wp\/v2\/categories?post=69026"},{"taxonomy":"post_tag","embeddable":true,"href":"https:\/\/sertv.gob.pa\/nacionalfm\/wp-json\/wp\/v2\/tags?post=69026"}],"curies":[{"name":"wp","href":"https:\/\/api.w.org\/{rel}","templated":true}]}}