{"id":69029,"date":"2021-05-18T16:05:20","date_gmt":"2021-05-18T16:05:20","guid":{"rendered":"https:\/\/sertv.gob.pa\/nacionalfm\/?p=69029"},"modified":"2021-05-18T16:05:20","modified_gmt":"2021-05-18T16:05:20","slug":"ciclon-tauktae-deja-al-menos-26-muertos-en-la-india","status":"publish","type":"post","link":"https:\/\/sertv.gob.pa\/nacionalfm\/ciclon-tauktae-deja-al-menos-26-muertos-en-la-india\/","title":{"rendered":"Cicl\u00f3n Tauktae deja al menos 26 muertos en la India"},"content":{"rendered":"<p>En la India, el cicl\u00f3n tropical Tauktae ha obstaculizado la respuesta de las autoridades frente al covid-19. El cicl\u00f3n toc\u00f3 tierra con velocidades equivalentes a un hurac\u00e1n de categor\u00eda 3 en el Atl\u00e1ntico y se fortaleci\u00f3 llegando a tener vientos sostenidos de hasta 205 kil\u00f3metros por hora.<\/p>\n<p>M\u00e1s de 200.000 personas en Gujarat han sido evacuadas de las \u00e1reas costeras y cerca de 2.500 pueblos est\u00e1n sin electricidad. Mientras tanto, la marina de la India realiza una operaci\u00f3n de b\u00fasqueda y rescate de 137 personas a bordo de una barcaza encallada frente a la costa del estado Maharashtra.<\/p>\n<p>&nbsp;<\/p>\n<p>Fuente: CNN<\/p>\n","protected":false},"excerpt":{"rendered":"<p>En la India, el cicl\u00f3n tropical Tauktae ha obstaculizado la <a href=\"https:\/\/sertv.gob.pa\/nacionalfm\/ciclon-tauktae-deja-al-menos-26-muertos-en-la-india\/\"> [&#8230;]<\/a><\/p>\n","protected":false},"author":9,"featured_media":69030,"comment_status":"closed","ping_status":"closed","sticky":false,"template":"","format":"standard","meta":{"footnotes":""},"categories":[3],"tags":[],"class_list":["post-69029","post","type-post","status-publish","format-standard","has-post-thumbnail","hentry","category-internacionales"],"_links":{"self":[{"href":"https:\/\/sertv.gob.pa\/nacionalfm\/wp-json\/wp\/v2\/posts\/69029","targetHints":{"allow":["GET"]}}],"collection":[{"href":"https:\/\/sertv.gob.pa\/nacionalfm\/wp-json\/wp\/v2\/posts"}],"about":[{"href":"https:\/\/sertv.gob.pa\/nacionalfm\/wp-json\/wp\/v2\/types\/post"}],"author":[{"embeddable":true,"href":"https:\/\/sertv.gob.pa\/nacionalfm\/wp-json\/wp\/v2\/users\/9"}],"replies":[{"embeddable":true,"href":"https:\/\/sertv.gob.pa\/nacionalfm\/wp-json\/wp\/v2\/comments?post=69029"}],"version-history":[{"count":1,"href":"https:\/\/sertv.gob.pa\/nacionalfm\/wp-json\/wp\/v2\/posts\/69029\/revisions"}],"predecessor-version":[{"id":69032,"href":"https:\/\/sertv.gob.pa\/nacionalfm\/wp-json\/wp\/v2\/posts\/69029\/revisions\/69032"}],"wp:featuredmedia":[{"embeddable":true,"href":"https:\/\/sertv.gob.pa\/nacionalfm\/wp-json\/wp\/v2\/media\/69030"}],"wp:attachment":[{"href":"https:\/\/sertv.gob.pa\/nacionalfm\/wp-json\/wp\/v2\/media?parent=69029"}],"wp:term":[{"taxonomy":"category","embeddable":true,"href":"https:\/\/sertv.gob.pa\/nacionalfm\/wp-json\/wp\/v2\/categories?post=69029"},{"taxonomy":"post_tag","embeddable":true,"href":"https:\/\/sertv.gob.pa\/nacionalfm\/wp-json\/wp\/v2\/tags?post=69029"}],"curies":[{"name":"wp","href":"https:\/\/api.w.org\/{rel}","templated":true}]}}