{"id":6906,"date":"2015-08-21T19:10:56","date_gmt":"2015-08-21T19:10:56","guid":{"rendered":""},"modified":"2015-08-21T19:10:56","modified_gmt":"2015-08-21T19:10:56","slug":"en-darien-brote-de-encefalitis-equina-confirma-el-minsa","status":"publish","type":"post","link":"https:\/\/sertv.gob.pa\/nacionalfm\/en-darien-brote-de-encefalitis-equina-confirma-el-minsa\/","title":{"rendered":"En Dari\u00e9n, brote de encefalitis equina confirma el Minsa"},"content":{"rendered":"<p>\nEste viernes, autoridades del Ministerio de Salud confirmaron que hay un brote de Encefalitis Equina del Este en la provincia de Dari\u00e9n. <\/p>\n<p>La directora general de Salud, Itza Barahona dio a conocer en conferencia de prensa que hay dos casos confirmados. Se trata de un menor de 6 meses, que se halla bajo observaci\u00f3n, y de una persona que ya muri\u00f3. <\/p>\n<p>&ldquo;De los ocho casos, seis son menores de 15 a\u00f1os y viven en El Real, los otros dos son de R\u00edo Congo&rdquo;, indic\u00f3. <\/p>\n<p>Barahona advirti\u00f3 que aunque la mortalidad es baja en los humanos, se debe tomar las medidas de prevenci\u00f3n como erradicar los criaderos de mosquitos, utilizar repelentes, vestir ropa que cubra la mayor parte del cuerpo, mantener el \u00e1rea limpia. <\/p>\n<p>A\u00f1adi\u00f3 que se estar\u00e1n efectuando jornadas de fumigaci\u00f3n para evitar m\u00e1s casos <\/p>\n<p>Una fuente extraoficial dio a conocer que dos caballos salieron positivos, luego que les hicieran las pruebas de laboratorio. <\/p>\n<p>La encefalitis equina del este es una enfermedad infecciosa producida por un arbovirus hom\u00f3nimo de la familia Togaviridae,\u00a0el cual fue aislado en 1933. <\/p>\n<p>Es transmitida a los humanos por picadura de mosquitos infectados. <\/p>\n<p>Tiene una amplia distribuci\u00f3n geogr\u00e1fica: Estados Unidos, Canad\u00e1, Caribe, Centro y el norte de Sur Am\u00e9rica. <\/p>\n<p>\u00a0 <\/p>\n","protected":false},"excerpt":{"rendered":"<p>Este viernes, autoridades del Ministerio de Salud confirmaron que hay <a href=\"https:\/\/sertv.gob.pa\/nacionalfm\/en-darien-brote-de-encefalitis-equina-confirma-el-minsa\/\"> [&#8230;]<\/a><\/p>\n","protected":false},"author":1,"featured_media":6907,"comment_status":"closed","ping_status":"closed","sticky":false,"template":"","format":"standard","meta":{"footnotes":""},"categories":[5],"tags":[],"class_list":["post-6906","post","type-post","status-publish","format-standard","has-post-thumbnail","hentry","category-salud"],"_links":{"self":[{"href":"https:\/\/sertv.gob.pa\/nacionalfm\/wp-json\/wp\/v2\/posts\/6906","targetHints":{"allow":["GET"]}}],"collection":[{"href":"https:\/\/sertv.gob.pa\/nacionalfm\/wp-json\/wp\/v2\/posts"}],"about":[{"href":"https:\/\/sertv.gob.pa\/nacionalfm\/wp-json\/wp\/v2\/types\/post"}],"author":[{"embeddable":true,"href":"https:\/\/sertv.gob.pa\/nacionalfm\/wp-json\/wp\/v2\/users\/1"}],"replies":[{"embeddable":true,"href":"https:\/\/sertv.gob.pa\/nacionalfm\/wp-json\/wp\/v2\/comments?post=6906"}],"version-history":[{"count":0,"href":"https:\/\/sertv.gob.pa\/nacionalfm\/wp-json\/wp\/v2\/posts\/6906\/revisions"}],"wp:featuredmedia":[{"embeddable":true,"href":"https:\/\/sertv.gob.pa\/nacionalfm\/wp-json\/wp\/v2\/media\/6907"}],"wp:attachment":[{"href":"https:\/\/sertv.gob.pa\/nacionalfm\/wp-json\/wp\/v2\/media?parent=6906"}],"wp:term":[{"taxonomy":"category","embeddable":true,"href":"https:\/\/sertv.gob.pa\/nacionalfm\/wp-json\/wp\/v2\/categories?post=6906"},{"taxonomy":"post_tag","embeddable":true,"href":"https:\/\/sertv.gob.pa\/nacionalfm\/wp-json\/wp\/v2\/tags?post=6906"}],"curies":[{"name":"wp","href":"https:\/\/api.w.org\/{rel}","templated":true}]}}