{"id":69090,"date":"2021-05-19T17:21:58","date_gmt":"2021-05-19T17:21:58","guid":{"rendered":"https:\/\/sertv.gob.pa\/nacionalfm\/?p=69090"},"modified":"2021-05-19T17:21:58","modified_gmt":"2021-05-19T17:21:58","slug":"un-rascacielos-se-balancea-en-china-de-forma-inexplicable-y-provoca-escenas-de-panico","status":"publish","type":"post","link":"https:\/\/sertv.gob.pa\/nacionalfm\/un-rascacielos-se-balancea-en-china-de-forma-inexplicable-y-provoca-escenas-de-panico\/","title":{"rendered":"Un rascacielos se balancea en China de forma inexplicable y provoca escenas de p\u00e1nico"},"content":{"rendered":"<p><strong><em>Hong Kong (CNN) \u2014<\/em><\/strong><em>\u00a0<\/em><\/p>\n<p><em>\u00a0<\/em><\/p>\n<p>Miles de personas en la ciudad de Shenzhen, en el sur de China, huyeron el martes de los alrededores de un rascacielos de 291 metros de altura, despu\u00e9s de que el edificio inexplicablemente comenz\u00f3 a balancearse.<\/p>\n<p>Videos que circulaban en las redes sociales chinas mostraban a multitudes alej\u00e1ndose del edificio tambaleante, mientras algunos gritaban y miraban hacia atr\u00e1s.<\/p>\n<p>En ese momento hab\u00eda buen tiempo y no hubo reportes de un sismo en la regi\u00f3n. No se reportaron muertos ni heridos.<\/p>\n<p>El SEG Plaza en Shenzhen comenz\u00f3 a temblar alrededor de las 12:30 pm hora local. Unas 15.000 personas estaban adentro, seg\u00fan el peri\u00f3dico oficial del Comit\u00e9 del Partido Comunista Municipal de Shenzhen. Todos los que estaban en el interior fueron evacuados en 90 minutos, dijeron las autoridades locales.<\/p>\n<p>Las autoridades que investigan la causa del movimiento dijeron en un comunicado que no se hab\u00edan encontrado \u00abanomal\u00edas en la estructura principal y el entorno circundante del edificio\u00bb.<\/p>\n<p>La estaci\u00f3n meteorol\u00f3gica de la ciudad inform\u00f3 una velocidad m\u00e1xima del viento de alrededor de 32 kph al mediod\u00eda del martes, una velocidad de movimiento descrita como una \u00abbrisa fresca\u00bb por el Servicio Meteorol\u00f3gico Nacional de EE.UU.<\/p>\n<p>La torre est\u00e1 ubicada en el concurrido distrito comercial de Huaqiangbei, sede del mercado de productos electr\u00f3nicos m\u00e1s grande del mundo. El edificio alberga varias empresas de tecnolog\u00eda locales y un centro comercial de electr\u00f3nica de varios pisos.<\/p>\n<p>Terminado en 2000, SEG Plaza es el decimoctavo edificio m\u00e1s alto de Shenzhen y el 104 m\u00e1s alto de China, seg\u00fan la base de datos de rascacielos del Council on Tall Buildings and Urban Habitat.<\/p>\n<p>&nbsp;<\/p>\n<p>Fuente: CNN<\/p>\n<p>&nbsp;<\/p>\n<p>&nbsp;<\/p>\n<p>&nbsp;<\/p>\n<p>&nbsp;<\/p>\n<p>&nbsp;<\/p>\n<p>&nbsp;<\/p>\n<p>&nbsp;<\/p>\n","protected":false},"excerpt":{"rendered":"<p>Hong Kong (CNN) \u2014\u00a0 \u00a0 Miles de personas en la <a href=\"https:\/\/sertv.gob.pa\/nacionalfm\/un-rascacielos-se-balancea-en-china-de-forma-inexplicable-y-provoca-escenas-de-panico\/\"> [&#8230;]<\/a><\/p>\n","protected":false},"author":9,"featured_media":69091,"comment_status":"closed","ping_status":"closed","sticky":false,"template":"","format":"standard","meta":{"footnotes":""},"categories":[3],"tags":[],"class_list":["post-69090","post","type-post","status-publish","format-standard","has-post-thumbnail","hentry","category-internacionales"],"_links":{"self":[{"href":"https:\/\/sertv.gob.pa\/nacionalfm\/wp-json\/wp\/v2\/posts\/69090","targetHints":{"allow":["GET"]}}],"collection":[{"href":"https:\/\/sertv.gob.pa\/nacionalfm\/wp-json\/wp\/v2\/posts"}],"about":[{"href":"https:\/\/sertv.gob.pa\/nacionalfm\/wp-json\/wp\/v2\/types\/post"}],"author":[{"embeddable":true,"href":"https:\/\/sertv.gob.pa\/nacionalfm\/wp-json\/wp\/v2\/users\/9"}],"replies":[{"embeddable":true,"href":"https:\/\/sertv.gob.pa\/nacionalfm\/wp-json\/wp\/v2\/comments?post=69090"}],"version-history":[{"count":1,"href":"https:\/\/sertv.gob.pa\/nacionalfm\/wp-json\/wp\/v2\/posts\/69090\/revisions"}],"predecessor-version":[{"id":69092,"href":"https:\/\/sertv.gob.pa\/nacionalfm\/wp-json\/wp\/v2\/posts\/69090\/revisions\/69092"}],"wp:featuredmedia":[{"embeddable":true,"href":"https:\/\/sertv.gob.pa\/nacionalfm\/wp-json\/wp\/v2\/media\/69091"}],"wp:attachment":[{"href":"https:\/\/sertv.gob.pa\/nacionalfm\/wp-json\/wp\/v2\/media?parent=69090"}],"wp:term":[{"taxonomy":"category","embeddable":true,"href":"https:\/\/sertv.gob.pa\/nacionalfm\/wp-json\/wp\/v2\/categories?post=69090"},{"taxonomy":"post_tag","embeddable":true,"href":"https:\/\/sertv.gob.pa\/nacionalfm\/wp-json\/wp\/v2\/tags?post=69090"}],"curies":[{"name":"wp","href":"https:\/\/api.w.org\/{rel}","templated":true}]}}