{"id":6910,"date":"2015-08-21T19:49:45","date_gmt":"2015-08-21T19:49:45","guid":{"rendered":""},"modified":"2015-08-21T19:49:45","modified_gmt":"2015-08-21T19:49:45","slug":"trabajar-mucho-aumenta-riesgo-de-sufrir-una-embolia","status":"publish","type":"post","link":"https:\/\/sertv.gob.pa\/nacionalfm\/trabajar-mucho-aumenta-riesgo-de-sufrir-una-embolia\/","title":{"rendered":"Trabajar mucho aumenta riesgo de sufrir una embolia"},"content":{"rendered":"<p>\nLas largas jornadas laborales suponen un grave peligro para la salud y podr\u00edan incrementar el peligro de padecer una embolia cerebral, seg\u00fan una investigaci\u00f3n difundida por la revista cient\u00edfica \u00abThe Lancet\u00bb. <\/p>\n<p> Los investigadores descubrieron -a partir de los datos de m\u00e1s de 500,000 personas de Estados Unidos, Europa y Australia- que aquellos que laboraban m\u00e1s horas ten\u00edan tambi\u00e9n m\u00e1s riesgo de sufrir una embolia o un ataque al coraz\u00f3n.  <\/p>\n<p>Los cient\u00edficos tomaron como referencia una jornada laboral media de entre 35 y 40 horas semanales para comprobar c\u00f3mo afectaba el aumento de horas de trabajo al riesgo de enfermedades cardiovasculares. <\/p>\n<p> As\u00ed, comprobaron como en una jornada laboral de 41 a 48 horas semanales el riesgo asociado se incrementaba en un 10%; mientras que trabajar de 49 a 54 horas a la semana aumentaba el peligro hasta el 27%; y hacer m\u00e1s de 55 horas supon\u00eda multiplicar el peligro por tres.  <\/p>\n<p>\u00a0 <\/p>\n<p>\u00a0 <\/p>\n<p>\u00a0 <\/p>\n<p>\u00a0 <\/p>\n","protected":false},"excerpt":{"rendered":"<p>Las largas jornadas laborales suponen un grave peligro para la <a href=\"https:\/\/sertv.gob.pa\/nacionalfm\/trabajar-mucho-aumenta-riesgo-de-sufrir-una-embolia\/\"> [&#8230;]<\/a><\/p>\n","protected":false},"author":1,"featured_media":6911,"comment_status":"closed","ping_status":"closed","sticky":false,"template":"","format":"standard","meta":{"footnotes":""},"categories":[5],"tags":[],"class_list":["post-6910","post","type-post","status-publish","format-standard","has-post-thumbnail","hentry","category-salud"],"_links":{"self":[{"href":"https:\/\/sertv.gob.pa\/nacionalfm\/wp-json\/wp\/v2\/posts\/6910","targetHints":{"allow":["GET"]}}],"collection":[{"href":"https:\/\/sertv.gob.pa\/nacionalfm\/wp-json\/wp\/v2\/posts"}],"about":[{"href":"https:\/\/sertv.gob.pa\/nacionalfm\/wp-json\/wp\/v2\/types\/post"}],"author":[{"embeddable":true,"href":"https:\/\/sertv.gob.pa\/nacionalfm\/wp-json\/wp\/v2\/users\/1"}],"replies":[{"embeddable":true,"href":"https:\/\/sertv.gob.pa\/nacionalfm\/wp-json\/wp\/v2\/comments?post=6910"}],"version-history":[{"count":0,"href":"https:\/\/sertv.gob.pa\/nacionalfm\/wp-json\/wp\/v2\/posts\/6910\/revisions"}],"wp:featuredmedia":[{"embeddable":true,"href":"https:\/\/sertv.gob.pa\/nacionalfm\/wp-json\/wp\/v2\/media\/6911"}],"wp:attachment":[{"href":"https:\/\/sertv.gob.pa\/nacionalfm\/wp-json\/wp\/v2\/media?parent=6910"}],"wp:term":[{"taxonomy":"category","embeddable":true,"href":"https:\/\/sertv.gob.pa\/nacionalfm\/wp-json\/wp\/v2\/categories?post=6910"},{"taxonomy":"post_tag","embeddable":true,"href":"https:\/\/sertv.gob.pa\/nacionalfm\/wp-json\/wp\/v2\/tags?post=6910"}],"curies":[{"name":"wp","href":"https:\/\/api.w.org\/{rel}","templated":true}]}}