{"id":69126,"date":"2021-05-20T19:28:36","date_gmt":"2021-05-20T19:28:36","guid":{"rendered":"https:\/\/sertv.gob.pa\/nacionalfm\/?p=69126"},"modified":"2021-05-20T19:28:36","modified_gmt":"2021-05-20T19:28:36","slug":"las-vacunas-aprobadas-son-efectivas-contra-todas-las-variantes-conocidas-de-covid-19-dice-la-oms-en-europa","status":"publish","type":"post","link":"https:\/\/sertv.gob.pa\/nacionalfm\/las-vacunas-aprobadas-son-efectivas-contra-todas-las-variantes-conocidas-de-covid-19-dice-la-oms-en-europa\/","title":{"rendered":"Las vacunas aprobadas son efectivas contra todas las variantes conocidas de covid-19, dice la OMS en Europa"},"content":{"rendered":"<p><strong><em>\u00a0<\/em><\/strong><strong><em>(CNN) \u2014<\/em><\/strong><em>\u00a0<\/em><\/p>\n<p>Las vacunas contra el covid-19 aprobadas actualmente son efectivas contra todas las variantes conocidas del virus, dijo el jueves el Dr. Hans Henri P. Kluge, director regional de la OMS en Europa.<\/p>\n<p>Mientras proporcionaba una actualizaci\u00f3n de la situaci\u00f3n del virus en Europa, el Dr. Hans Henri P. Kluge declar\u00f3: \u201cPerm\u00edtanme enfatizar que todas las variantes de covid-19 se pueden controlar de la misma manera. Con medidas sociales y de salud p\u00fablica. Y que todas las variantes de covid-19 que han surgido hasta ahora responden a las vacunas aprobadas disponibles\u00bb.<\/p>\n<p>Kluge advirti\u00f3, sin embargo, que la situaci\u00f3n en Europa a\u00fan era precaria y dijo que no era el momento de volverse complacientes.<\/p>\n<p>\u00abEn varios pa\u00edses hay focos de transmisi\u00f3n creciente que podr\u00edan evolucionar r\u00e1pidamente hacia resurgimientos peligrosos\u00bb, afirm\u00f3 Kluge.<\/p>\n<p>\u201cLas vacunas pueden ser una luz al final del t\u00fanel, pero esa luz no deber\u00eda cegarnos\u201d, dijo.<\/p>\n<p>&nbsp;<\/p>\n<p>Fuente: CNN<\/p>\n","protected":false},"excerpt":{"rendered":"<p>\u00a0(CNN) \u2014\u00a0 Las vacunas contra el covid-19 aprobadas actualmente son <a href=\"https:\/\/sertv.gob.pa\/nacionalfm\/las-vacunas-aprobadas-son-efectivas-contra-todas-las-variantes-conocidas-de-covid-19-dice-la-oms-en-europa\/\"> [&#8230;]<\/a><\/p>\n","protected":false},"author":9,"featured_media":69127,"comment_status":"closed","ping_status":"closed","sticky":false,"template":"","format":"standard","meta":{"footnotes":""},"categories":[3],"tags":[],"class_list":["post-69126","post","type-post","status-publish","format-standard","has-post-thumbnail","hentry","category-internacionales"],"_links":{"self":[{"href":"https:\/\/sertv.gob.pa\/nacionalfm\/wp-json\/wp\/v2\/posts\/69126","targetHints":{"allow":["GET"]}}],"collection":[{"href":"https:\/\/sertv.gob.pa\/nacionalfm\/wp-json\/wp\/v2\/posts"}],"about":[{"href":"https:\/\/sertv.gob.pa\/nacionalfm\/wp-json\/wp\/v2\/types\/post"}],"author":[{"embeddable":true,"href":"https:\/\/sertv.gob.pa\/nacionalfm\/wp-json\/wp\/v2\/users\/9"}],"replies":[{"embeddable":true,"href":"https:\/\/sertv.gob.pa\/nacionalfm\/wp-json\/wp\/v2\/comments?post=69126"}],"version-history":[{"count":1,"href":"https:\/\/sertv.gob.pa\/nacionalfm\/wp-json\/wp\/v2\/posts\/69126\/revisions"}],"predecessor-version":[{"id":69128,"href":"https:\/\/sertv.gob.pa\/nacionalfm\/wp-json\/wp\/v2\/posts\/69126\/revisions\/69128"}],"wp:featuredmedia":[{"embeddable":true,"href":"https:\/\/sertv.gob.pa\/nacionalfm\/wp-json\/wp\/v2\/media\/69127"}],"wp:attachment":[{"href":"https:\/\/sertv.gob.pa\/nacionalfm\/wp-json\/wp\/v2\/media?parent=69126"}],"wp:term":[{"taxonomy":"category","embeddable":true,"href":"https:\/\/sertv.gob.pa\/nacionalfm\/wp-json\/wp\/v2\/categories?post=69126"},{"taxonomy":"post_tag","embeddable":true,"href":"https:\/\/sertv.gob.pa\/nacionalfm\/wp-json\/wp\/v2\/tags?post=69126"}],"curies":[{"name":"wp","href":"https:\/\/api.w.org\/{rel}","templated":true}]}}