{"id":69174,"date":"2021-05-21T19:20:45","date_gmt":"2021-05-21T19:20:45","guid":{"rendered":"https:\/\/sertv.gob.pa\/nacionalfm\/?p=69174"},"modified":"2021-05-21T19:22:50","modified_gmt":"2021-05-21T19:22:50","slug":"turistas-estadounidenses-vacunados-podran-viajar-a-espana-a-partir-del-7-de-junio","status":"publish","type":"post","link":"https:\/\/sertv.gob.pa\/nacionalfm\/turistas-estadounidenses-vacunados-podran-viajar-a-espana-a-partir-del-7-de-junio\/","title":{"rendered":"Turistas estadounidenses vacunados podr\u00e1n viajar a Espa\u00f1a a partir del 7 de junio"},"content":{"rendered":"<p><strong><em>(CNN Espa\u00f1ol) \u2014<\/em><\/strong><em>\u00a0<\/em><\/p>\n<p>&nbsp;<\/p>\n<p>A partir del pr\u00f3ximo 7 de junio, Espa\u00f1a reabrir\u00e1 sus fronteras a todos los pasajeros que procedan de fuera de\u00a0<a href=\"https:\/\/cnn.it\/3ovNwkF\" target=\"_blank\" rel=\"noopener\">la Uni\u00f3n Europea<\/a>\u00a0y que puedan acreditar haber recibido la pauta completa de la vacunaci\u00f3n contra el covid-19.<\/p>\n<p>As\u00ed lo confirm\u00f3 este viernes el presidente del Gobierno de Espa\u00f1a, Pedro S\u00e1nchez, quien inform\u00f3 que eso incluir\u00eda, entre otros, a los pasajeros procedentes de Estados Unidos que hayan sido inmunizados con f\u00e1rmacos aprobados por la Agencia Europea del Medicamento, o aquellos incluidos en el listado de uso de emergencia elaborado por la Organizaci\u00f3n Mundial de la Salud.<\/p>\n<p>Una medida que tambi\u00e9n beneficiar\u00e1 a los ciudadanos de la Uni\u00f3n Europea, quienes se librar\u00e1n de posibles controles o restricciones sanitarias al llegar a Espa\u00f1a si acreditan haber recibido uno de los cuatro f\u00e1rmacos contra la covid-19 que a d\u00eda de hoy se usan en el bloque comunitario. Estas son: Comirnaty (la vacuna de Pfizer), Moderna, Vaxzevria (la vacuna de Astrazeneca) o Janssen.<\/p>\n<p>Adem\u00e1s, S\u00e1nchez destac\u00f3 que, desde el pr\u00f3ximo lunes 24 de mayo a la medianoche, Espa\u00f1a permitir\u00e1 el ingreso libre y sin restricciones de los pasajeros que provengan de los siguientes pa\u00edses: Australia, Israel, Jap\u00f3n, Nueva Zelanda, Ruanda, Singapur, Corea del Sur, Tailandia, Reino Unido y China.<\/p>\n<p>El turismo es considerado por las autoridades espa\u00f1olas como un sector tractor de la econom\u00eda, ya que, en 2019, antes del inicio de la pandemia de covid-19, supuso el 14,1% del Producto Interior Bruto, seg\u00fan afirm\u00f3 Pedro S\u00e1nchez.<\/p>\n<p>De forma destacada, Reino Unido fue en 2019 el principal mercado emisor de turistas internacionales hacia Espa\u00f1a con m\u00e1s de 18 millones de pasajeros.<\/p>\n<p>Estados Unidos, en cambio, fue el principal mercado extracomunitario emisor de turistas internacionales con m\u00e1s de 3,3 millones de pasajeros, seg\u00fan datos del Instituto Nacional de Estad\u00edstica.<\/p>\n<p>&nbsp;<\/p>\n<p>Fuente: CNN<\/p>\n","protected":false},"excerpt":{"rendered":"<p>(CNN Espa\u00f1ol) \u2014\u00a0 &nbsp; A partir del pr\u00f3ximo 7 de <a href=\"https:\/\/sertv.gob.pa\/nacionalfm\/turistas-estadounidenses-vacunados-podran-viajar-a-espana-a-partir-del-7-de-junio\/\"> [&#8230;]<\/a><\/p>\n","protected":false},"author":9,"featured_media":69175,"comment_status":"closed","ping_status":"closed","sticky":false,"template":"","format":"standard","meta":{"footnotes":""},"categories":[3],"tags":[],"class_list":["post-69174","post","type-post","status-publish","format-standard","has-post-thumbnail","hentry","category-internacionales"],"_links":{"self":[{"href":"https:\/\/sertv.gob.pa\/nacionalfm\/wp-json\/wp\/v2\/posts\/69174","targetHints":{"allow":["GET"]}}],"collection":[{"href":"https:\/\/sertv.gob.pa\/nacionalfm\/wp-json\/wp\/v2\/posts"}],"about":[{"href":"https:\/\/sertv.gob.pa\/nacionalfm\/wp-json\/wp\/v2\/types\/post"}],"author":[{"embeddable":true,"href":"https:\/\/sertv.gob.pa\/nacionalfm\/wp-json\/wp\/v2\/users\/9"}],"replies":[{"embeddable":true,"href":"https:\/\/sertv.gob.pa\/nacionalfm\/wp-json\/wp\/v2\/comments?post=69174"}],"version-history":[{"count":1,"href":"https:\/\/sertv.gob.pa\/nacionalfm\/wp-json\/wp\/v2\/posts\/69174\/revisions"}],"predecessor-version":[{"id":69176,"href":"https:\/\/sertv.gob.pa\/nacionalfm\/wp-json\/wp\/v2\/posts\/69174\/revisions\/69176"}],"wp:featuredmedia":[{"embeddable":true,"href":"https:\/\/sertv.gob.pa\/nacionalfm\/wp-json\/wp\/v2\/media\/69175"}],"wp:attachment":[{"href":"https:\/\/sertv.gob.pa\/nacionalfm\/wp-json\/wp\/v2\/media?parent=69174"}],"wp:term":[{"taxonomy":"category","embeddable":true,"href":"https:\/\/sertv.gob.pa\/nacionalfm\/wp-json\/wp\/v2\/categories?post=69174"},{"taxonomy":"post_tag","embeddable":true,"href":"https:\/\/sertv.gob.pa\/nacionalfm\/wp-json\/wp\/v2\/tags?post=69174"}],"curies":[{"name":"wp","href":"https:\/\/api.w.org\/{rel}","templated":true}]}}