{"id":69232,"date":"2021-05-24T17:00:29","date_gmt":"2021-05-24T17:00:29","guid":{"rendered":"https:\/\/sertv.gob.pa\/nacionalfm\/?p=69232"},"modified":"2021-05-24T17:00:29","modified_gmt":"2021-05-24T17:00:29","slug":"erupcion-volcanica-deja-al-menos-170-ninos-desaparecidos-en-la-republica-democratica-del-congo","status":"publish","type":"post","link":"https:\/\/sertv.gob.pa\/nacionalfm\/erupcion-volcanica-deja-al-menos-170-ninos-desaparecidos-en-la-republica-democratica-del-congo\/","title":{"rendered":"Erupci\u00f3n volc\u00e1nica deja al menos 170 ni\u00f1os desaparecidos en la Rep\u00fablica Democr\u00e1tica del Congo"},"content":{"rendered":"<p>La\u00a0<a href=\"https:\/\/cnnespanol.cnn.com\/2021\/05\/24\/15-personas-muertas-mortal-erupcion-volcan-republica-congo-trax\/\" target=\"_blank\" rel=\"noopener\">erupci\u00f3n del volc\u00e1n Nyiragongo<\/a>\u00a0dej\u00f3 al menos 11 muertos, m\u00e1s de 170 ni\u00f1os desaparecidos y al menos 150 menores separados de sus familias. La agencia de ayuda infantil de Naciones Unidas dijo que m\u00e1s de 5.000 personas cruzaron la frontera hacia Ruanda escapando de la furia del volc\u00e1n y al menos 25.000 fueron desplazadas en Sake, a 25 kil\u00f3metros al noroeste de Goma.<\/p>\n<p>El gobierno envi\u00f3 ayuda a la zona afectada, pero Unicef teme a la propagaci\u00f3n del c\u00f3lera mientras cientos de personas regresan a Goma, donde se encuentran con sus casas da\u00f1adas y enfrentan la falta de agua y electricidad.<\/p>\n<p>&nbsp;<\/p>\n<p>Fuente: CNN<\/p>\n","protected":false},"excerpt":{"rendered":"<p>La\u00a0erupci\u00f3n del volc\u00e1n Nyiragongo\u00a0dej\u00f3 al menos 11 muertos, m\u00e1s de <a href=\"https:\/\/sertv.gob.pa\/nacionalfm\/erupcion-volcanica-deja-al-menos-170-ninos-desaparecidos-en-la-republica-democratica-del-congo\/\"> [&#8230;]<\/a><\/p>\n","protected":false},"author":9,"featured_media":69233,"comment_status":"closed","ping_status":"closed","sticky":false,"template":"","format":"standard","meta":{"footnotes":""},"categories":[3],"tags":[],"class_list":["post-69232","post","type-post","status-publish","format-standard","has-post-thumbnail","hentry","category-internacionales"],"_links":{"self":[{"href":"https:\/\/sertv.gob.pa\/nacionalfm\/wp-json\/wp\/v2\/posts\/69232","targetHints":{"allow":["GET"]}}],"collection":[{"href":"https:\/\/sertv.gob.pa\/nacionalfm\/wp-json\/wp\/v2\/posts"}],"about":[{"href":"https:\/\/sertv.gob.pa\/nacionalfm\/wp-json\/wp\/v2\/types\/post"}],"author":[{"embeddable":true,"href":"https:\/\/sertv.gob.pa\/nacionalfm\/wp-json\/wp\/v2\/users\/9"}],"replies":[{"embeddable":true,"href":"https:\/\/sertv.gob.pa\/nacionalfm\/wp-json\/wp\/v2\/comments?post=69232"}],"version-history":[{"count":1,"href":"https:\/\/sertv.gob.pa\/nacionalfm\/wp-json\/wp\/v2\/posts\/69232\/revisions"}],"predecessor-version":[{"id":69235,"href":"https:\/\/sertv.gob.pa\/nacionalfm\/wp-json\/wp\/v2\/posts\/69232\/revisions\/69235"}],"wp:featuredmedia":[{"embeddable":true,"href":"https:\/\/sertv.gob.pa\/nacionalfm\/wp-json\/wp\/v2\/media\/69233"}],"wp:attachment":[{"href":"https:\/\/sertv.gob.pa\/nacionalfm\/wp-json\/wp\/v2\/media?parent=69232"}],"wp:term":[{"taxonomy":"category","embeddable":true,"href":"https:\/\/sertv.gob.pa\/nacionalfm\/wp-json\/wp\/v2\/categories?post=69232"},{"taxonomy":"post_tag","embeddable":true,"href":"https:\/\/sertv.gob.pa\/nacionalfm\/wp-json\/wp\/v2\/tags?post=69232"}],"curies":[{"name":"wp","href":"https:\/\/api.w.org\/{rel}","templated":true}]}}