{"id":69236,"date":"2021-05-24T17:24:12","date_gmt":"2021-05-24T17:24:12","guid":{"rendered":"https:\/\/sertv.gob.pa\/nacionalfm\/?p=69236"},"modified":"2021-05-24T17:24:12","modified_gmt":"2021-05-24T17:24:12","slug":"los-perros-podrian-detectar-el-covid-19-segun-estudio","status":"publish","type":"post","link":"https:\/\/sertv.gob.pa\/nacionalfm\/los-perros-podrian-detectar-el-covid-19-segun-estudio\/","title":{"rendered":"Los perros podr\u00edan detectar el covid-19, seg\u00fan estudio"},"content":{"rendered":"<p>Un nuevo estudio publicado este domingo por varias instituciones cient\u00edficas indica que<a href=\"https:\/\/cnnespanol.cnn.com\/2021\/05\/24\/los-perros-podrian-olfatear-infecciones-por-covid-19-segun-investigaciones-preliminares\/\" target=\"_blank\" rel=\"noopener\">\u00a0los perros podr\u00edan detectar con su olfato<\/a>\u00a0a pacientes que padecen de coronavirus. Los cient\u00edficos aseguran que los 6 perros de entre 4 y 6 a\u00f1os que participaron de este estudio de fase 1 pudieron identificar el aroma despu\u00e9s de 6 a 8 semanas de entrenamiento.<\/p>\n<p>El estudio fue realizado en colaboraci\u00f3n con la Escuela de Higiene y Medicina Tropical de Londres, la Universidad de Durham y el Grupo Perros de Detecci\u00f3n M\u00e9dica.<\/p>\n<p>&nbsp;<\/p>\n<p>Fuente: CNN<\/p>\n<p>&nbsp;<\/p>\n","protected":false},"excerpt":{"rendered":"<p>Un nuevo estudio publicado este domingo por varias instituciones cient\u00edficas <a href=\"https:\/\/sertv.gob.pa\/nacionalfm\/los-perros-podrian-detectar-el-covid-19-segun-estudio\/\"> [&#8230;]<\/a><\/p>\n","protected":false},"author":9,"featured_media":69237,"comment_status":"closed","ping_status":"closed","sticky":false,"template":"","format":"standard","meta":{"footnotes":""},"categories":[3],"tags":[],"class_list":["post-69236","post","type-post","status-publish","format-standard","has-post-thumbnail","hentry","category-internacionales"],"_links":{"self":[{"href":"https:\/\/sertv.gob.pa\/nacionalfm\/wp-json\/wp\/v2\/posts\/69236","targetHints":{"allow":["GET"]}}],"collection":[{"href":"https:\/\/sertv.gob.pa\/nacionalfm\/wp-json\/wp\/v2\/posts"}],"about":[{"href":"https:\/\/sertv.gob.pa\/nacionalfm\/wp-json\/wp\/v2\/types\/post"}],"author":[{"embeddable":true,"href":"https:\/\/sertv.gob.pa\/nacionalfm\/wp-json\/wp\/v2\/users\/9"}],"replies":[{"embeddable":true,"href":"https:\/\/sertv.gob.pa\/nacionalfm\/wp-json\/wp\/v2\/comments?post=69236"}],"version-history":[{"count":1,"href":"https:\/\/sertv.gob.pa\/nacionalfm\/wp-json\/wp\/v2\/posts\/69236\/revisions"}],"predecessor-version":[{"id":69238,"href":"https:\/\/sertv.gob.pa\/nacionalfm\/wp-json\/wp\/v2\/posts\/69236\/revisions\/69238"}],"wp:featuredmedia":[{"embeddable":true,"href":"https:\/\/sertv.gob.pa\/nacionalfm\/wp-json\/wp\/v2\/media\/69237"}],"wp:attachment":[{"href":"https:\/\/sertv.gob.pa\/nacionalfm\/wp-json\/wp\/v2\/media?parent=69236"}],"wp:term":[{"taxonomy":"category","embeddable":true,"href":"https:\/\/sertv.gob.pa\/nacionalfm\/wp-json\/wp\/v2\/categories?post=69236"},{"taxonomy":"post_tag","embeddable":true,"href":"https:\/\/sertv.gob.pa\/nacionalfm\/wp-json\/wp\/v2\/tags?post=69236"}],"curies":[{"name":"wp","href":"https:\/\/api.w.org\/{rel}","templated":true}]}}