{"id":69292,"date":"2021-05-25T17:38:23","date_gmt":"2021-05-25T17:38:23","guid":{"rendered":"https:\/\/sertv.gob.pa\/nacionalfm\/?p=69292"},"modified":"2021-05-25T18:04:02","modified_gmt":"2021-05-25T18:04:02","slug":"moderna-dice-que-su-vacuna-contra-el-covid-19-es-segura-y-parece-eficaz-en-adolescentes","status":"publish","type":"post","link":"https:\/\/sertv.gob.pa\/nacionalfm\/moderna-dice-que-su-vacuna-contra-el-covid-19-es-segura-y-parece-eficaz-en-adolescentes\/","title":{"rendered":"Moderna dice que su vacuna contra el covid-19 es segura y parece eficaz en adolescentes"},"content":{"rendered":"<p><strong><em>(CNN) \u2014<\/em><\/strong><\/p>\n<p>En un ensayo de fase 2\/3 de 3.732\u00a0<a href=\"https:\/\/cnnespanol.cnn.com\/video\/vacunacion-adolescentes-eeuu-intvw-guillermo-arduino-encuentro\/\" target=\"_blank\" rel=\"noopener\">menores de 12 a 17<\/a>\u00a0a\u00f1os en Estados Unidos, \u00a0los an\u00e1lisis de sangre mostraron que la vacuna de Moderna contra el covid-19 produjo una respuesta inmune que era equivalente a hallazgos anteriores en adultos.<\/p>\n<p>La compa\u00f1\u00eda no proporcion\u00f3 un porcentaje de eficacia, ya que el ensayo no fue dise\u00f1ado para examinar espec\u00edficamente ese par\u00e1metro.<\/p>\n<p>Sin embargo, las observaciones iniciales encontraron que ninguno de los menores que recibieron la vacuna se enferm\u00f3 con covid-19 a partir de 14 d\u00edas despu\u00e9s de su segunda dosis.<\/p>\n<p>Cuatro de los menores que recibieron el placebo dieron positivo para covid-19, lo que Moderna dice que es \u00abconsistente con una eficacia de la vacuna del 100%\u00bb. La compa\u00f1\u00eda se\u00f1ala que la cifra podr\u00eda cambiar a medida que se recopilan m\u00e1s datos.<\/p>\n<p><strong>Segunda dosis<\/strong><\/p>\n<p>Moderna tambi\u00e9n revis\u00f3 qu\u00e9 tan bien funcionaba la vacuna despu\u00e9s de una sola dosis. Los resultados sugieren que despu\u00e9s de una dosis, la vacuna fue 93% eficaz para\u00a0<a href=\"https:\/\/cnnespanol.cnn.com\/2021\/05\/10\/vacuna-coronavirus-efectiva-contagio-podcast-orix\/\" target=\"_blank\" rel=\"noopener\">prevenir casos leves de covid-19<\/a>, con un solo s\u00edntoma en lugar de dos o m\u00e1s s\u00edntomas.<\/p>\n<p>Moderna anunci\u00f3 los resultados el martes en un comunicado de prensa, y los resultados a\u00fan no han sido revisados o publicados por pares.<\/p>\n<p>La compa\u00f1\u00eda dijo que la vacuna era \u00abgeneralmente bien tolerada\u00bb y no se han identificado problemas significativos de seguridad.<\/p>\n<p>Efectos secundarios, que incluyen dolor de cabeza, fatiga, dolor muscular y escalofr\u00edos, se detectaron despu\u00e9s de la administraci\u00f3n de la segunda dosis. Tambi\u00e9n se observ\u00f3 dolor en el lugar de la inyecci\u00f3n.<\/p>\n<p>Moderna dice que planea presentar los resultados a la Administraci\u00f3n de Alimentos y Medicamentos de Estados Unidos a principios de junio junto con una solicitud de autorizaci\u00f3n para usar la vacuna en adolescentes. Tambi\u00e9n planea enviar los datos a una publicaci\u00f3n revisada por pares.<\/p>\n<p>La vacuna\u00a0<a href=\"https:\/\/cnnespanol.cnn.com\/2020\/12\/18\/fda-autoriza-el-uso-de-emergencia-de-la-vacuna-de-moderna-contra-el-covid-19\/\" target=\"_blank\" rel=\"noopener\">Moderna ya est\u00e1 autorizada para su uso en personas mayores de 18<\/a>\u00a0a\u00f1os. Otra vacuna covid-19, fabricada por Pfizer \/ BioNTech, est\u00e1 autorizada para su uso en personas mayores de 12 a\u00f1os.<\/p>\n<p>Fuente: CNN<\/p>\n","protected":false},"excerpt":{"rendered":"<p>(CNN) \u2014 En un ensayo de fase 2\/3 de 3.732\u00a0menores <a href=\"https:\/\/sertv.gob.pa\/nacionalfm\/moderna-dice-que-su-vacuna-contra-el-covid-19-es-segura-y-parece-eficaz-en-adolescentes\/\"> [&#8230;]<\/a><\/p>\n","protected":false},"author":9,"featured_media":69293,"comment_status":"closed","ping_status":"closed","sticky":false,"template":"","format":"standard","meta":{"footnotes":""},"categories":[3],"tags":[],"class_list":["post-69292","post","type-post","status-publish","format-standard","has-post-thumbnail","hentry","category-internacionales"],"_links":{"self":[{"href":"https:\/\/sertv.gob.pa\/nacionalfm\/wp-json\/wp\/v2\/posts\/69292","targetHints":{"allow":["GET"]}}],"collection":[{"href":"https:\/\/sertv.gob.pa\/nacionalfm\/wp-json\/wp\/v2\/posts"}],"about":[{"href":"https:\/\/sertv.gob.pa\/nacionalfm\/wp-json\/wp\/v2\/types\/post"}],"author":[{"embeddable":true,"href":"https:\/\/sertv.gob.pa\/nacionalfm\/wp-json\/wp\/v2\/users\/9"}],"replies":[{"embeddable":true,"href":"https:\/\/sertv.gob.pa\/nacionalfm\/wp-json\/wp\/v2\/comments?post=69292"}],"version-history":[{"count":2,"href":"https:\/\/sertv.gob.pa\/nacionalfm\/wp-json\/wp\/v2\/posts\/69292\/revisions"}],"predecessor-version":[{"id":69296,"href":"https:\/\/sertv.gob.pa\/nacionalfm\/wp-json\/wp\/v2\/posts\/69292\/revisions\/69296"}],"wp:featuredmedia":[{"embeddable":true,"href":"https:\/\/sertv.gob.pa\/nacionalfm\/wp-json\/wp\/v2\/media\/69293"}],"wp:attachment":[{"href":"https:\/\/sertv.gob.pa\/nacionalfm\/wp-json\/wp\/v2\/media?parent=69292"}],"wp:term":[{"taxonomy":"category","embeddable":true,"href":"https:\/\/sertv.gob.pa\/nacionalfm\/wp-json\/wp\/v2\/categories?post=69292"},{"taxonomy":"post_tag","embeddable":true,"href":"https:\/\/sertv.gob.pa\/nacionalfm\/wp-json\/wp\/v2\/tags?post=69292"}],"curies":[{"name":"wp","href":"https:\/\/api.w.org\/{rel}","templated":true}]}}