{"id":69295,"date":"2021-05-25T18:06:15","date_gmt":"2021-05-25T18:06:15","guid":{"rendered":"https:\/\/sertv.gob.pa\/nacionalfm\/?p=69295"},"modified":"2021-05-25T18:06:15","modified_gmt":"2021-05-25T18:06:15","slug":"joe-biden-y-vladimir-putin-se-reunirian-por-primera-vez-en-una-cumbre-en-suiza-el-proximo-mes","status":"publish","type":"post","link":"https:\/\/sertv.gob.pa\/nacionalfm\/joe-biden-y-vladimir-putin-se-reunirian-por-primera-vez-en-una-cumbre-en-suiza-el-proximo-mes\/","title":{"rendered":"Joe Biden y Vladimir Putin se reunir\u00edan por primera vez en una cumbre en Suiza el pr\u00f3ximo mes"},"content":{"rendered":"<p><strong><em>(CNN) \u2014<\/em><\/strong><em>\u00a0<\/em><\/p>\n<p>&nbsp;<\/p>\n<p>La primera reuni\u00f3n cara a cara entre el presidente de Estados Unidos, Joe Biden, y su hom\u00f3logo ruso Vladimir Putin, se espera que sea el pr\u00f3ximo mes en Suiza, dijeron dos funcionarios estadounidenses a CNN. Entre tanto, la Casa Blanca y el Kremlin se acercan esta semana a la finalizaci\u00f3n de los arreglos para la cumbre.<\/p>\n<p>Funcionarios dijeron que Ginebra ser\u00e1 la ciudad anfitriona de la reuni\u00f3n largamente discutida entre los dos l\u00edderes, quienes se espera que se re\u00fanan del 15 al 16 de junio al concluir el primer viaje internacional de Biden desde que lleg\u00f3 al cargo.<\/p>\n<p>La Casa Blanca envi\u00f3 al asesor de Seguridad Nacional Jake Sullivan a Ginebra esta semana para que se reuniera con su hom\u00f3logo ruso, dijeron las autoridades, mientras se definen los detalles de la reuni\u00f3n entre Biden y Putin.<\/p>\n<p>Un portavoz de la Casa Blanca se neg\u00f3 a comentar sobre la ubicaci\u00f3n final de la ciudad anfitriona hasta que todos los detalles estuvieran definidos.<\/p>\n<p>&nbsp;<\/p>\n<p>Fuente: CNN<\/p>\n","protected":false},"excerpt":{"rendered":"<p>(CNN) \u2014\u00a0 &nbsp; La primera reuni\u00f3n cara a cara entre <a href=\"https:\/\/sertv.gob.pa\/nacionalfm\/joe-biden-y-vladimir-putin-se-reunirian-por-primera-vez-en-una-cumbre-en-suiza-el-proximo-mes\/\"> [&#8230;]<\/a><\/p>\n","protected":false},"author":9,"featured_media":69297,"comment_status":"closed","ping_status":"closed","sticky":false,"template":"","format":"standard","meta":{"footnotes":""},"categories":[3],"tags":[],"class_list":["post-69295","post","type-post","status-publish","format-standard","has-post-thumbnail","hentry","category-internacionales"],"_links":{"self":[{"href":"https:\/\/sertv.gob.pa\/nacionalfm\/wp-json\/wp\/v2\/posts\/69295","targetHints":{"allow":["GET"]}}],"collection":[{"href":"https:\/\/sertv.gob.pa\/nacionalfm\/wp-json\/wp\/v2\/posts"}],"about":[{"href":"https:\/\/sertv.gob.pa\/nacionalfm\/wp-json\/wp\/v2\/types\/post"}],"author":[{"embeddable":true,"href":"https:\/\/sertv.gob.pa\/nacionalfm\/wp-json\/wp\/v2\/users\/9"}],"replies":[{"embeddable":true,"href":"https:\/\/sertv.gob.pa\/nacionalfm\/wp-json\/wp\/v2\/comments?post=69295"}],"version-history":[{"count":1,"href":"https:\/\/sertv.gob.pa\/nacionalfm\/wp-json\/wp\/v2\/posts\/69295\/revisions"}],"predecessor-version":[{"id":69298,"href":"https:\/\/sertv.gob.pa\/nacionalfm\/wp-json\/wp\/v2\/posts\/69295\/revisions\/69298"}],"wp:featuredmedia":[{"embeddable":true,"href":"https:\/\/sertv.gob.pa\/nacionalfm\/wp-json\/wp\/v2\/media\/69297"}],"wp:attachment":[{"href":"https:\/\/sertv.gob.pa\/nacionalfm\/wp-json\/wp\/v2\/media?parent=69295"}],"wp:term":[{"taxonomy":"category","embeddable":true,"href":"https:\/\/sertv.gob.pa\/nacionalfm\/wp-json\/wp\/v2\/categories?post=69295"},{"taxonomy":"post_tag","embeddable":true,"href":"https:\/\/sertv.gob.pa\/nacionalfm\/wp-json\/wp\/v2\/tags?post=69295"}],"curies":[{"name":"wp","href":"https:\/\/api.w.org\/{rel}","templated":true}]}}