{"id":69357,"date":"2021-05-26T16:57:29","date_gmt":"2021-05-26T16:57:29","guid":{"rendered":"https:\/\/sertv.gob.pa\/nacionalfm\/?p=69357"},"modified":"2021-05-26T16:58:32","modified_gmt":"2021-05-26T16:58:32","slug":"tiroteo-mortal-en-san-jose-california-hay-varias-victimas","status":"publish","type":"post","link":"https:\/\/sertv.gob.pa\/nacionalfm\/tiroteo-mortal-en-san-jose-california-hay-varias-victimas\/","title":{"rendered":"Tiroteo mortal en San Jos\u00e9, California: hay varias v\u00edctimas"},"content":{"rendered":"<p><strong><em>(CNN) \u2014<\/em><\/strong><\/p>\n<p><strong>\u00a0<\/strong>La polic\u00eda de San Jos\u00e9, California, respondi\u00f3 este mi\u00e9rcoles a un tiroteo cerca del centro en la avenida Younger y la calle San Pedro, seg\u00fan un tuit del Departamento de Polic\u00eda de San Jos\u00e9.<\/p>\n<p>\u00abEl atacante fue abatido\u00bb, tuite\u00f3 el sheriff del condado de Santa Clara en una breve actualizaci\u00f3n.<\/p>\n<p>\u201cHay m\u00faltiples lesionados y m\u00faltiples muertes en este caso\u201d, dijo el vicesheriff Russell Davis, del condado de Santa Clara, en una conferencia de prensa esta ma\u00f1ana.<\/p>\n<p>El alcalde de San Jos\u00e9, Sam Liccardo, dijo el mi\u00e9rcoles que el atacante en un patio de trenes ligeros de transporte \u00abya no es una amenaza\u00bb.<\/p>\n<p>\u201cUn tiroteo en las instalaciones de VTA en Younger St ha dejado a varias personas en tratamiento, pero la situaci\u00f3n a\u00fan se est\u00e1 evaluando. El atacante ya no es una amenaza y la instalaci\u00f3n ha sido evacuada. Actualizar\u00e9 a medida que haya m\u00e1s informaci\u00f3n disponible\u201d, dice el tuit.<\/p>\n<p>\u201cNuestros corazones est\u00e1n dolidos por las familias de aquellos que hemos perdido en este horrible tiroteo. El tirador ha fallecido y se dar\u00e1 m\u00e1s informaci\u00f3n a las 9:30 am \u201d,\u00a0<a href=\"https:\/\/twitter.com\/sliccardo\/status\/1397580228537450510?s=20\" target=\"_blank\" rel=\"noopener\">dijo Liccardo en otro tuit<\/a>.<\/p>\n<p>CNN ha confirmado que una escuela secundaria local, la escuela secundaria Muwekma Ohlone, est\u00e1 cerrada, seg\u00fan una recepcionista de la escuela. La escuela est\u00e1 a dos cuadras de la instalaci\u00f3n del tren ligero VTA.<\/p>\n<p>&nbsp;<\/p>\n<p>Fuente: CNN<\/p>\n<p>&nbsp;<\/p>\n","protected":false},"excerpt":{"rendered":"<p>(CNN) \u2014 \u00a0La polic\u00eda de San Jos\u00e9, California, respondi\u00f3 este <a href=\"https:\/\/sertv.gob.pa\/nacionalfm\/tiroteo-mortal-en-san-jose-california-hay-varias-victimas\/\"> [&#8230;]<\/a><\/p>\n","protected":false},"author":9,"featured_media":69358,"comment_status":"closed","ping_status":"closed","sticky":false,"template":"","format":"standard","meta":{"footnotes":""},"categories":[3],"tags":[],"class_list":["post-69357","post","type-post","status-publish","format-standard","has-post-thumbnail","hentry","category-internacionales"],"_links":{"self":[{"href":"https:\/\/sertv.gob.pa\/nacionalfm\/wp-json\/wp\/v2\/posts\/69357","targetHints":{"allow":["GET"]}}],"collection":[{"href":"https:\/\/sertv.gob.pa\/nacionalfm\/wp-json\/wp\/v2\/posts"}],"about":[{"href":"https:\/\/sertv.gob.pa\/nacionalfm\/wp-json\/wp\/v2\/types\/post"}],"author":[{"embeddable":true,"href":"https:\/\/sertv.gob.pa\/nacionalfm\/wp-json\/wp\/v2\/users\/9"}],"replies":[{"embeddable":true,"href":"https:\/\/sertv.gob.pa\/nacionalfm\/wp-json\/wp\/v2\/comments?post=69357"}],"version-history":[{"count":1,"href":"https:\/\/sertv.gob.pa\/nacionalfm\/wp-json\/wp\/v2\/posts\/69357\/revisions"}],"predecessor-version":[{"id":69359,"href":"https:\/\/sertv.gob.pa\/nacionalfm\/wp-json\/wp\/v2\/posts\/69357\/revisions\/69359"}],"wp:featuredmedia":[{"embeddable":true,"href":"https:\/\/sertv.gob.pa\/nacionalfm\/wp-json\/wp\/v2\/media\/69358"}],"wp:attachment":[{"href":"https:\/\/sertv.gob.pa\/nacionalfm\/wp-json\/wp\/v2\/media?parent=69357"}],"wp:term":[{"taxonomy":"category","embeddable":true,"href":"https:\/\/sertv.gob.pa\/nacionalfm\/wp-json\/wp\/v2\/categories?post=69357"},{"taxonomy":"post_tag","embeddable":true,"href":"https:\/\/sertv.gob.pa\/nacionalfm\/wp-json\/wp\/v2\/tags?post=69357"}],"curies":[{"name":"wp","href":"https:\/\/api.w.org\/{rel}","templated":true}]}}