{"id":69360,"date":"2021-05-26T17:12:56","date_gmt":"2021-05-26T17:12:56","guid":{"rendered":"https:\/\/sertv.gob.pa\/nacionalfm\/?p=69360"},"modified":"2021-05-26T17:14:07","modified_gmt":"2021-05-26T17:14:07","slug":"la-oms-reporta-una-caida-del-14-en-los-casos-mundiales-de-covid-19","status":"publish","type":"post","link":"https:\/\/sertv.gob.pa\/nacionalfm\/la-oms-reporta-una-caida-del-14-en-los-casos-mundiales-de-covid-19\/","title":{"rendered":"La OMS reporta una ca\u00edda del 14% en los casos mundiales de covid-19"},"content":{"rendered":"<p><strong><em>(CNN) \u2014<\/em><\/strong><em>\u00a0<\/em><\/p>\n<p>&nbsp;<\/p>\n<p>Se reportaron 4,1 millones de casos globales de covid-19 en la semana que termin\u00f3 el 23 de mayo, una disminuci\u00f3n del 14% con respecto a la semana anterior, inform\u00f3 el martes\u00a0<a href=\"https:\/\/cnn.it\/3fMSzJx\" target=\"_blank\" rel=\"noopener\">la Organizaci\u00f3n Mundial de la Salud<\/a>\u00a0(OMS).<\/p>\n<p>La OMS tambi\u00e9n inform\u00f3 84.000 nuevas muertes por covid-19 en todo el mundo, una disminuci\u00f3n del 2% con respecto a la semana anterior.<\/p>\n<p>La mayor disminuci\u00f3n de casos nuevos y muertes se registr\u00f3 en la regi\u00f3n europea, se\u00f1al\u00f3 el informe. Sin embargo, la OMS advirti\u00f3 que los casos globales de covid-19 segu\u00edan siendo altos en general.<\/p>\n<p>\u201cA pesar de una tendencia global a la baja en las \u00faltimas cuatro semanas, la incidencia de casos y muertes por covid-19 sigue siendo alta, y se han observado aumentos sustanciales en muchos pa\u00edses de todo el mundo\u201d, dijo el informe.<\/p>\n<p>India report\u00f3 con mucho el mayor n\u00famero de casos nuevos \u2014 1.846.055 \u2014 aunque disminuy\u00f3 un 23% con respecto a la semana anterior.<\/p>\n<p>En una actualizaci\u00f3n sobre\u00a0<a href=\"https:\/\/cnnespanol.cnn.com\/2021\/05\/20\/las-vacunas-aprobadas-son-efectivas-contra-todas-las-variantes-conocidas-de-covid-19-dice-la-oms-en-europa\/\" target=\"_blank\" rel=\"noopener\">variantes del virus<\/a>\u00a0preocupantes, la OMS inform\u00f3 nuevas pruebas que muestran que la transmisi\u00f3n comunitaria de marzo a abril en Reino Unido fue mayor para la variante B.1,617, identificada por primera vez en la India, que para la variante B.1,1.7, identificada por primera vez en Reino Unido.<\/p>\n<p>El informe tambi\u00e9n cita investigaciones que muestran que la variante B.1,617 puede hacer que las vacunas contra el covid-19 pierdan cierta capacidad para neutralizar el virus.<\/p>\n<p>\u201cSe espera la evoluci\u00f3n del virus, y cuanto m\u00e1s circula el SARS-CoV-2, m\u00e1s oportunidades tiene de evolucionar\u201d, dijo la OMS.<\/p>\n<p>La OMS subray\u00f3 la importancia de las medidas de control de virus para manejar la propagaci\u00f3n de variantes.<\/p>\n<p>&nbsp;<\/p>\n<p>Fuente: CNN<\/p>\n","protected":false},"excerpt":{"rendered":"<p>(CNN) \u2014\u00a0 &nbsp; Se reportaron 4,1 millones de casos globales <a href=\"https:\/\/sertv.gob.pa\/nacionalfm\/la-oms-reporta-una-caida-del-14-en-los-casos-mundiales-de-covid-19\/\"> [&#8230;]<\/a><\/p>\n","protected":false},"author":9,"featured_media":69361,"comment_status":"closed","ping_status":"closed","sticky":false,"template":"","format":"standard","meta":{"footnotes":""},"categories":[3],"tags":[],"class_list":["post-69360","post","type-post","status-publish","format-standard","has-post-thumbnail","hentry","category-internacionales"],"_links":{"self":[{"href":"https:\/\/sertv.gob.pa\/nacionalfm\/wp-json\/wp\/v2\/posts\/69360","targetHints":{"allow":["GET"]}}],"collection":[{"href":"https:\/\/sertv.gob.pa\/nacionalfm\/wp-json\/wp\/v2\/posts"}],"about":[{"href":"https:\/\/sertv.gob.pa\/nacionalfm\/wp-json\/wp\/v2\/types\/post"}],"author":[{"embeddable":true,"href":"https:\/\/sertv.gob.pa\/nacionalfm\/wp-json\/wp\/v2\/users\/9"}],"replies":[{"embeddable":true,"href":"https:\/\/sertv.gob.pa\/nacionalfm\/wp-json\/wp\/v2\/comments?post=69360"}],"version-history":[{"count":1,"href":"https:\/\/sertv.gob.pa\/nacionalfm\/wp-json\/wp\/v2\/posts\/69360\/revisions"}],"predecessor-version":[{"id":69362,"href":"https:\/\/sertv.gob.pa\/nacionalfm\/wp-json\/wp\/v2\/posts\/69360\/revisions\/69362"}],"wp:featuredmedia":[{"embeddable":true,"href":"https:\/\/sertv.gob.pa\/nacionalfm\/wp-json\/wp\/v2\/media\/69361"}],"wp:attachment":[{"href":"https:\/\/sertv.gob.pa\/nacionalfm\/wp-json\/wp\/v2\/media?parent=69360"}],"wp:term":[{"taxonomy":"category","embeddable":true,"href":"https:\/\/sertv.gob.pa\/nacionalfm\/wp-json\/wp\/v2\/categories?post=69360"},{"taxonomy":"post_tag","embeddable":true,"href":"https:\/\/sertv.gob.pa\/nacionalfm\/wp-json\/wp\/v2\/tags?post=69360"}],"curies":[{"name":"wp","href":"https:\/\/api.w.org\/{rel}","templated":true}]}}