{"id":69363,"date":"2021-05-26T17:30:51","date_gmt":"2021-05-26T17:30:51","guid":{"rendered":"https:\/\/sertv.gob.pa\/nacionalfm\/?p=69363"},"modified":"2021-05-26T17:30:51","modified_gmt":"2021-05-26T17:30:51","slug":"exastronauta-de-la-nasa-peggy-whitson-volvera-al-espacio-en-vuelo-privado","status":"publish","type":"post","link":"https:\/\/sertv.gob.pa\/nacionalfm\/exastronauta-de-la-nasa-peggy-whitson-volvera-al-espacio-en-vuelo-privado\/","title":{"rendered":"Exastronauta de la NASA Peggy Whitson volver\u00e1 al espacio en vuelo privado"},"content":{"rendered":"<p>La exastronauta de la NASA Peggy Whitson, de 61 a\u00f1os y retirada, revel\u00f3 este martes que viajar\u00e1 al espacio una vez m\u00e1s, aunque en esta ocasi\u00f3n lo har\u00e1 en un vuelo privado.<\/p>\n<p>Axiom \u2014empresa con sede en Houston, Texas que organiza vuelos comerciales al espacio\u2014 anunci\u00f3 que Whitson pilotear\u00e1 la misi\u00f3n Ax-2, que ser\u00e1 la primera civil y con fondos privados en lanzarse desde EE.UU.<\/p>\n<p>&nbsp;<\/p>\n<p>Fuente: CNN<\/p>\n<p>&nbsp;<\/p>\n","protected":false},"excerpt":{"rendered":"<p>La exastronauta de la NASA Peggy Whitson, de 61 a\u00f1os <a href=\"https:\/\/sertv.gob.pa\/nacionalfm\/exastronauta-de-la-nasa-peggy-whitson-volvera-al-espacio-en-vuelo-privado\/\"> [&#8230;]<\/a><\/p>\n","protected":false},"author":9,"featured_media":69364,"comment_status":"closed","ping_status":"closed","sticky":false,"template":"","format":"standard","meta":{"footnotes":""},"categories":[3],"tags":[],"class_list":["post-69363","post","type-post","status-publish","format-standard","has-post-thumbnail","hentry","category-internacionales"],"_links":{"self":[{"href":"https:\/\/sertv.gob.pa\/nacionalfm\/wp-json\/wp\/v2\/posts\/69363","targetHints":{"allow":["GET"]}}],"collection":[{"href":"https:\/\/sertv.gob.pa\/nacionalfm\/wp-json\/wp\/v2\/posts"}],"about":[{"href":"https:\/\/sertv.gob.pa\/nacionalfm\/wp-json\/wp\/v2\/types\/post"}],"author":[{"embeddable":true,"href":"https:\/\/sertv.gob.pa\/nacionalfm\/wp-json\/wp\/v2\/users\/9"}],"replies":[{"embeddable":true,"href":"https:\/\/sertv.gob.pa\/nacionalfm\/wp-json\/wp\/v2\/comments?post=69363"}],"version-history":[{"count":1,"href":"https:\/\/sertv.gob.pa\/nacionalfm\/wp-json\/wp\/v2\/posts\/69363\/revisions"}],"predecessor-version":[{"id":69365,"href":"https:\/\/sertv.gob.pa\/nacionalfm\/wp-json\/wp\/v2\/posts\/69363\/revisions\/69365"}],"wp:featuredmedia":[{"embeddable":true,"href":"https:\/\/sertv.gob.pa\/nacionalfm\/wp-json\/wp\/v2\/media\/69364"}],"wp:attachment":[{"href":"https:\/\/sertv.gob.pa\/nacionalfm\/wp-json\/wp\/v2\/media?parent=69363"}],"wp:term":[{"taxonomy":"category","embeddable":true,"href":"https:\/\/sertv.gob.pa\/nacionalfm\/wp-json\/wp\/v2\/categories?post=69363"},{"taxonomy":"post_tag","embeddable":true,"href":"https:\/\/sertv.gob.pa\/nacionalfm\/wp-json\/wp\/v2\/tags?post=69363"}],"curies":[{"name":"wp","href":"https:\/\/api.w.org\/{rel}","templated":true}]}}