{"id":69406,"date":"2021-05-27T17:38:42","date_gmt":"2021-05-27T17:38:42","guid":{"rendered":"https:\/\/sertv.gob.pa\/nacionalfm\/?p=69406"},"modified":"2021-05-27T17:38:42","modified_gmt":"2021-05-27T17:38:42","slug":"detectan-caso-de-hongo-negro-en-uruguay","status":"publish","type":"post","link":"https:\/\/sertv.gob.pa\/nacionalfm\/detectan-caso-de-hongo-negro-en-uruguay\/","title":{"rendered":"Detectan caso de hongo negro en Uruguay"},"content":{"rendered":"<p><strong><em>\u00a0<\/em><\/strong><strong><em>(CNN Espa\u00f1ol) \u2014\u00a0<\/em><\/strong><\/p>\n<p>&nbsp;<\/p>\n<p>En Uruguay detectaron mucormicosis u \u201chongo negro\u201d a un hombre menor de 50 a\u00f1os que padece diabetes y que recientemente se hab\u00eda recuperado de covid-19. El infect\u00f3logo Henry Albornoz, integrante del equipo que est\u00e1 tratando al paciente, dijo a CNN este jueves que el hombre hab\u00eda comenzado a presentar necrosis (muerte del tejido) en la zona de las mucosas por lo que fue sometido a una prueba de laboratorio que confirm\u00f3 la infecci\u00f3n.<\/p>\n<p>Agreg\u00f3 que hay otro caso sospechoso que est\u00e1 en investigaci\u00f3n. El paciente est\u00e1 recibiendo tratamiento en un centro de tratamiento intensivo (CTI) de Montevideo. Por el momento se desconoce si este es el primer caso de hongo negro en un recuperado de covid-19 en el pa\u00eds.<\/p>\n<p>La mucormicosis es una enfermedad rara que ha sido detectada entre pacientes que se recuperaron del covid-19 en la India, sobre todo en aquellos que padecen diabetes. Est\u00e1 causada por un hongo que se halla en ambientes h\u00famedos y puede atacar al tracto respiratorio. No es contagioso y no se transmite de persona a persona.<\/p>\n<p>Varios tipos de hongos pueden causar la enfermedad pero no son da\u00f1inos para la mayor\u00eda de las personas, aunque pueden causar infecciones serias en individuos con sistemas inmunol\u00f3gicos debilitados, seg\u00fan los Centros para el Control y la Prevenci\u00f3n de Enfermedades de EE.UU., los CDC.<\/p>\n<p>&nbsp;<\/p>\n<p>Fuente: CNN<\/p>\n","protected":false},"excerpt":{"rendered":"<p>\u00a0(CNN Espa\u00f1ol) \u2014\u00a0 &nbsp; En Uruguay detectaron mucormicosis u \u201chongo <a href=\"https:\/\/sertv.gob.pa\/nacionalfm\/detectan-caso-de-hongo-negro-en-uruguay\/\"> [&#8230;]<\/a><\/p>\n","protected":false},"author":9,"featured_media":69407,"comment_status":"closed","ping_status":"closed","sticky":false,"template":"","format":"standard","meta":{"footnotes":""},"categories":[3],"tags":[],"class_list":["post-69406","post","type-post","status-publish","format-standard","has-post-thumbnail","hentry","category-internacionales"],"_links":{"self":[{"href":"https:\/\/sertv.gob.pa\/nacionalfm\/wp-json\/wp\/v2\/posts\/69406","targetHints":{"allow":["GET"]}}],"collection":[{"href":"https:\/\/sertv.gob.pa\/nacionalfm\/wp-json\/wp\/v2\/posts"}],"about":[{"href":"https:\/\/sertv.gob.pa\/nacionalfm\/wp-json\/wp\/v2\/types\/post"}],"author":[{"embeddable":true,"href":"https:\/\/sertv.gob.pa\/nacionalfm\/wp-json\/wp\/v2\/users\/9"}],"replies":[{"embeddable":true,"href":"https:\/\/sertv.gob.pa\/nacionalfm\/wp-json\/wp\/v2\/comments?post=69406"}],"version-history":[{"count":1,"href":"https:\/\/sertv.gob.pa\/nacionalfm\/wp-json\/wp\/v2\/posts\/69406\/revisions"}],"predecessor-version":[{"id":69408,"href":"https:\/\/sertv.gob.pa\/nacionalfm\/wp-json\/wp\/v2\/posts\/69406\/revisions\/69408"}],"wp:featuredmedia":[{"embeddable":true,"href":"https:\/\/sertv.gob.pa\/nacionalfm\/wp-json\/wp\/v2\/media\/69407"}],"wp:attachment":[{"href":"https:\/\/sertv.gob.pa\/nacionalfm\/wp-json\/wp\/v2\/media?parent=69406"}],"wp:term":[{"taxonomy":"category","embeddable":true,"href":"https:\/\/sertv.gob.pa\/nacionalfm\/wp-json\/wp\/v2\/categories?post=69406"},{"taxonomy":"post_tag","embeddable":true,"href":"https:\/\/sertv.gob.pa\/nacionalfm\/wp-json\/wp\/v2\/tags?post=69406"}],"curies":[{"name":"wp","href":"https:\/\/api.w.org\/{rel}","templated":true}]}}