{"id":6946,"date":"2015-08-24T19:01:13","date_gmt":"2015-08-24T19:01:13","guid":{"rendered":""},"modified":"2015-08-24T19:01:13","modified_gmt":"2015-08-24T19:01:13","slug":"niveles-de-alzheimer-en-europa-se-reducen","status":"publish","type":"post","link":"https:\/\/sertv.gob.pa\/nacionalfm\/niveles-de-alzheimer-en-europa-se-reducen\/","title":{"rendered":"Niveles de Alzheimer en Europa se reducen"},"content":{"rendered":"<p>\nInvestigadores de la Universidad de Cambridge han comprobado que los niveles de incidencia de la enfermedad de Alzheimer se han estabilizado en Europa Occidental, seg\u00fan un estudio difundido por la revista cient\u00edfica, The Lancet Neurology Journal. <\/p>\n<p>El grupo de cient\u00edficos analiz\u00f3 cinco estudios relacionados que se hab\u00edan efectuado en distintas d\u00e9cadas y pa\u00edses, incluyendo Holanda, Reino Unido, Espa\u00f1a y Suecia. <\/p>\n<p>A trav\u00e9s del an\u00e1lisis comprobaron que la demencia se hab\u00eda estabilizado en Holanda y Suecia, e incluso se hab\u00eda reducido en Espa\u00f1a e Inglaterra, en contra de las cifras que pronosticaban una incidencia mayor. <\/p>\n<p>En Inglaterra las predicciones de 1991 sobre la incidencia de la enfermedad sosten\u00edan que el 11 % de los mayores de 65 a\u00f1os padecer\u00eda demencia en 2011. <\/p>\n<p>No obstante, los autores del estudio manifestaron que la cifra actual es del 6 %. Las evidencias que apuntaban a una &lsquo;epidemia&#8217; de la demencia se basaron en un estudio que empez\u00f3 en 1980 y, desde entonces, la mejora de las condiciones de vida y los avances en materia de salud han cambiado la situaci\u00f3n. <\/p>\n<p>Carol Brayne, investigadora del Instituto de Salud P\u00fablica en Cambridge, explic\u00f3 que &lsquo;la disminuci\u00f3n de la incidencia de la demencia&#8217; coincid\u00eda con la mejora de los factores de protecci\u00f3n contra la enfermedad, como la educaci\u00f3n o las condiciones de vida. <\/p>\n<p>Los autores de la investigaci\u00f3n afirmaron que, en el caso de que los niveles de la enfermedad se estabilicen de manera definitiva, el mayor reto en los pr\u00f3ximos a\u00f1os ser\u00e1 el cuidado de los enfermos. <\/p>\n<p>\u00a0 <\/p>\n","protected":false},"excerpt":{"rendered":"<p>Investigadores de la Universidad de Cambridge han comprobado que los <a href=\"https:\/\/sertv.gob.pa\/nacionalfm\/niveles-de-alzheimer-en-europa-se-reducen\/\"> [&#8230;]<\/a><\/p>\n","protected":false},"author":1,"featured_media":6947,"comment_status":"closed","ping_status":"closed","sticky":false,"template":"","format":"standard","meta":{"footnotes":""},"categories":[5],"tags":[],"class_list":["post-6946","post","type-post","status-publish","format-standard","has-post-thumbnail","hentry","category-salud"],"_links":{"self":[{"href":"https:\/\/sertv.gob.pa\/nacionalfm\/wp-json\/wp\/v2\/posts\/6946","targetHints":{"allow":["GET"]}}],"collection":[{"href":"https:\/\/sertv.gob.pa\/nacionalfm\/wp-json\/wp\/v2\/posts"}],"about":[{"href":"https:\/\/sertv.gob.pa\/nacionalfm\/wp-json\/wp\/v2\/types\/post"}],"author":[{"embeddable":true,"href":"https:\/\/sertv.gob.pa\/nacionalfm\/wp-json\/wp\/v2\/users\/1"}],"replies":[{"embeddable":true,"href":"https:\/\/sertv.gob.pa\/nacionalfm\/wp-json\/wp\/v2\/comments?post=6946"}],"version-history":[{"count":0,"href":"https:\/\/sertv.gob.pa\/nacionalfm\/wp-json\/wp\/v2\/posts\/6946\/revisions"}],"wp:featuredmedia":[{"embeddable":true,"href":"https:\/\/sertv.gob.pa\/nacionalfm\/wp-json\/wp\/v2\/media\/6947"}],"wp:attachment":[{"href":"https:\/\/sertv.gob.pa\/nacionalfm\/wp-json\/wp\/v2\/media?parent=6946"}],"wp:term":[{"taxonomy":"category","embeddable":true,"href":"https:\/\/sertv.gob.pa\/nacionalfm\/wp-json\/wp\/v2\/categories?post=6946"},{"taxonomy":"post_tag","embeddable":true,"href":"https:\/\/sertv.gob.pa\/nacionalfm\/wp-json\/wp\/v2\/tags?post=6946"}],"curies":[{"name":"wp","href":"https:\/\/api.w.org\/{rel}","templated":true}]}}