{"id":69475,"date":"2021-05-28T17:13:29","date_gmt":"2021-05-28T17:13:29","guid":{"rendered":"https:\/\/sertv.gob.pa\/nacionalfm\/?p=69475"},"modified":"2021-05-28T17:13:29","modified_gmt":"2021-05-28T17:13:29","slug":"china-responde-a-la-investigacion-de-biden-sobre-el-origen-del-covid-19-en-un-laboratorio-pidiendo-investigar-un-laboratorio-en-ee-uu","status":"publish","type":"post","link":"https:\/\/sertv.gob.pa\/nacionalfm\/china-responde-a-la-investigacion-de-biden-sobre-el-origen-del-covid-19-en-un-laboratorio-pidiendo-investigar-un-laboratorio-en-ee-uu\/","title":{"rendered":"China responde a la investigaci\u00f3n de Biden sobre el origen del covid-19 en un laboratorio\u2026 pidiendo investigar un laboratorio en EE.UU."},"content":{"rendered":"<p>El llamado del presidente de Estados Unidos, Joe Biden, para una investigaci\u00f3n renovada sobre los or\u00edgenes del covid-19 se siente como un d\u00e9j\u00e0 vu en Beijing.<\/p>\n<p>Hace poco m\u00e1s de un a\u00f1o, cuando aumentaban las infecciones por covid-19 en EE.UU., el expresidente Donald Trump comenz\u00f3 a promover una teor\u00eda marginal de que el virus se hab\u00eda escapado de un laboratorio en Wuhan, la ciudad china donde se detect\u00f3 por primera vez. Beijing reaccion\u00f3 con enojo a la afirmaci\u00f3n, acusando a Trump de intentar convertir a China en un chivo expiatorio por su propia incapacidad para contener el brote a nivel nacional.<\/p>\n<p>Esta semana, apareci\u00f3 un informe de inteligencia no revelado anteriormente, que afirma que\u00a0<a href=\"https:\/\/cnnespanol.cnn.com\/2021\/05\/24\/wuhan-investigadores-enfermos-2019-inteligencia-ee-uu-covid-trax\/\" target=\"_blank\" rel=\"noopener\">varios investigadores del Instituto de Virolog\u00eda de Wuhan se enfermaron en noviembre<\/a>\u00a0de 2019 y tuvieron que ser hospitalizados. Bajo una creciente presi\u00f3n p\u00fablica, Biden orden\u00f3 a la comunidad de inteligencia que intensificara sus esfuerzos para volver a examinar c\u00f3mo se origin\u00f3 el virus, incluida la posibilidad de que surgiera por un accidente de laboratorio.<\/p>\n<p>Naturalmente, eso provoc\u00f3 la ira de Beijing, de nuevo, y llev\u00f3 a China a renovar una teor\u00eda contraconspirativa de que el virus realmente comenz\u00f3 en EE.UU.<\/p>\n<p>\u00abA Estados Unidos no le importan los hechos o la verdad en absoluto, tampoco le interesa un estudio cient\u00edfico serio sobre los or\u00edgenes. Su \u00fanico objetivo es utilizar la pandemia para la estigmatizaci\u00f3n y la manipulaci\u00f3n pol\u00edtica para echarle la culpa a otro\u00bb, dijo el portavoz del Ministerio de Relaciones Exteriores, Zhao Lijian.<\/p>\n<p>Zhao luego hizo referencia a Fort Detrick, un laboratorio de investigaci\u00f3n biom\u00e9dica del ej\u00e9rcito de EE.UU. en Maryland que funcionarios y medios de comunicaci\u00f3n estatales chinos han relacionado \u2013sin evidencia\u2013 con la aparici\u00f3n del virus.<\/p>\n<p>\u00ab\u00bfQu\u00e9 secretos se esconden en el Fort Detrick envuelto en sospechas y en los m\u00e1s de 200 laboratorios biol\u00f3gicos estadounidenses en todo el mundo?\u00bb, dijo Zhao, y agreg\u00f3 que Estados Unidos \u00able debe una explicaci\u00f3n al mundo\u00bb.<\/p>\n<p>La teor\u00eda de Fort Detrick comenz\u00f3 a aparecer en los informes de los medios estatales chinos en marzo pasado, pero gan\u00f3 una tracci\u00f3n significativa en China a principios de este a\u00f1o, cuando la\u00a0<a href=\"https:\/\/cnnespanol.cnn.com\/2021\/03\/29\/el-comercio-de-vida-silvestre-es-la-via-mas-probable-para-que-el-coronavirus-llegara-a-wuhan-dice-un-experto-de-la-oms\/\" target=\"_blank\" rel=\"noopener\">Organizaci\u00f3n Mundial de la Salud (OMS) visit\u00f3 Wuhan para examinar los or\u00edgenes del virus.<\/a><\/p>\n<p>Cuando la investigaci\u00f3n concluy\u00f3 en febrero, el Ministerio de Relaciones Exteriores de China pidi\u00f3 a Estados Unidos que siguiera su ejemplo de \u00abactuar de manera positiva, basada en la ciencia y cooperativa\u00bb e invitar a expertos de la OMS \u00abpara un estudio de rastreo del origen\u00bb.<\/p>\n<p>En marzo, la OMS public\u00f3 un informe de su investigaci\u00f3n en China, concluyendo que era \u00abextremadamente improbable\u00bb que el coronavirus se filtrara de un laboratorio. El informe ha generado cr\u00edticas de gobiernos de todo el mundo por cuestiones de transparencia.<\/p>\n<p>Pero desde el punto de vista de Beijing, hay pocas razones para aceptar otra investigaci\u00f3n, por mucho que Washington la presione.<\/p>\n<p>&nbsp;<\/p>\n<p>Fuente: CNN<\/p>\n<p>&nbsp;<\/p>\n","protected":false},"excerpt":{"rendered":"<p>El llamado del presidente de Estados Unidos, Joe Biden, para <a href=\"https:\/\/sertv.gob.pa\/nacionalfm\/china-responde-a-la-investigacion-de-biden-sobre-el-origen-del-covid-19-en-un-laboratorio-pidiendo-investigar-un-laboratorio-en-ee-uu\/\"> [&#8230;]<\/a><\/p>\n","protected":false},"author":9,"featured_media":69476,"comment_status":"closed","ping_status":"closed","sticky":false,"template":"","format":"standard","meta":{"footnotes":""},"categories":[3],"tags":[],"class_list":["post-69475","post","type-post","status-publish","format-standard","has-post-thumbnail","hentry","category-internacionales"],"_links":{"self":[{"href":"https:\/\/sertv.gob.pa\/nacionalfm\/wp-json\/wp\/v2\/posts\/69475","targetHints":{"allow":["GET"]}}],"collection":[{"href":"https:\/\/sertv.gob.pa\/nacionalfm\/wp-json\/wp\/v2\/posts"}],"about":[{"href":"https:\/\/sertv.gob.pa\/nacionalfm\/wp-json\/wp\/v2\/types\/post"}],"author":[{"embeddable":true,"href":"https:\/\/sertv.gob.pa\/nacionalfm\/wp-json\/wp\/v2\/users\/9"}],"replies":[{"embeddable":true,"href":"https:\/\/sertv.gob.pa\/nacionalfm\/wp-json\/wp\/v2\/comments?post=69475"}],"version-history":[{"count":1,"href":"https:\/\/sertv.gob.pa\/nacionalfm\/wp-json\/wp\/v2\/posts\/69475\/revisions"}],"predecessor-version":[{"id":69477,"href":"https:\/\/sertv.gob.pa\/nacionalfm\/wp-json\/wp\/v2\/posts\/69475\/revisions\/69477"}],"wp:featuredmedia":[{"embeddable":true,"href":"https:\/\/sertv.gob.pa\/nacionalfm\/wp-json\/wp\/v2\/media\/69476"}],"wp:attachment":[{"href":"https:\/\/sertv.gob.pa\/nacionalfm\/wp-json\/wp\/v2\/media?parent=69475"}],"wp:term":[{"taxonomy":"category","embeddable":true,"href":"https:\/\/sertv.gob.pa\/nacionalfm\/wp-json\/wp\/v2\/categories?post=69475"},{"taxonomy":"post_tag","embeddable":true,"href":"https:\/\/sertv.gob.pa\/nacionalfm\/wp-json\/wp\/v2\/tags?post=69475"}],"curies":[{"name":"wp","href":"https:\/\/api.w.org\/{rel}","templated":true}]}}