{"id":69478,"date":"2021-05-28T17:50:17","date_gmt":"2021-05-28T17:50:17","guid":{"rendered":"https:\/\/sertv.gob.pa\/nacionalfm\/?p=69478"},"modified":"2021-05-28T17:50:17","modified_gmt":"2021-05-28T17:50:17","slug":"aclu-insta-a-la-administracion-biden-a-ofrecer-la-vacuna-covid-19-a-los-inmigrantes-detenidos","status":"publish","type":"post","link":"https:\/\/sertv.gob.pa\/nacionalfm\/aclu-insta-a-la-administracion-biden-a-ofrecer-la-vacuna-covid-19-a-los-inmigrantes-detenidos\/","title":{"rendered":"ACLU insta a la administraci\u00f3n Biden a ofrecer la vacuna Covid-19 a los inmigrantes detenidos"},"content":{"rendered":"<p><strong>\u00a0\u00a0\u00a0\u00a0\u00a0\u00a0\u00a0\u00a0\u00a0\u00a0\u00a0\u00a0\u00a0\u00a0\u00a0\u00a0\u00a0\u00a0\u00a0\u00a0\u00a0\u00a0\u00a0\u00a0\u00a0\u00a0\u00a0\u00a0\u00a0\u00a0\u00a0\u00a0\u00a0\u00a0\u00a0\u00a0\u00a0 <\/strong><\/p>\n<p><strong><em>(CNN) \u2014<\/em><\/strong><em>\u00a0<\/em><\/p>\n<p>&nbsp;<\/p>\n<p>La Uni\u00f3n Americana de Libertades Civiles (ACLU, por sus siglas en ingl\u00e9s) insta al gobierno de Biden a que ofrezca la vacuna contra el covid-19 a los inmigrantes detenidos, alegando la r\u00e1pida propagaci\u00f3n del coronavirus en los centros de detenci\u00f3n, seg\u00fan una carta enviada al Departamento de Seguridad Nacional y obtenida por CNN. En el transcurso de la pandemia de coronavirus, los centros de detenci\u00f3n del Servicio de Inmigraci\u00f3n y Control de Aduanas de Estados Unidos (ICE, por sus siglas en ingl\u00e9s) se enfrentaron a un n\u00famero creciente de casos positivos, con un total de m\u00e1s de 15.000 casos confirmados y nueve muertes. Hasta el 25 de mayo, hab\u00eda 1.495 casos positivos de covid-19 bajo custodia del ICE,\u00a0<a href=\"https:\/\/www.ice.gov\/coronavirus#detStat\" target=\"_blank\" rel=\"noopener\">seg\u00fan datos de la agencia<\/a>.<\/p>\n<p>La ACLU, que present\u00f3 decenas de demandas contra el ICE durante la pandemia, calific\u00f3 de \u00abfracaso\u00bb la falta de una estrategia de vacunaci\u00f3n para la poblaci\u00f3n detenida en una carta enviada el jueves al secretario de Seguridad Nacional, Alejandro Mayorkas, y al director en funciones del ICE, Tae Johnson.<\/p>\n<p>El fracaso del ICE a la hora de garantizar una estrategia coordinada de vacunaci\u00f3n sigue poniendo en peligro a las personas detenidas en todo el pa\u00eds\u00bb,\u00a0<a href=\"https:\/\/www.aclu.org\/letter\/letter-dhs-secretary-mayorkas-regarding-vaccine-access\" target=\"_blank\" rel=\"noopener\">dice la carta<\/a>, y a\u00f1ade: \u00abMientras tanto, los brotes de covid-19 siguen propag\u00e1ndose en los centros de detenci\u00f3n de todo el pa\u00eds, poniendo en riesgo la salud y la seguridad de los detenidos a pesar del deber del ICE de proteger a quienes est\u00e1n bajo su custodia, en violaci\u00f3n de sus derechos constitucionales\u00bb.<\/p>\n<p>Hay m\u00e1s de 22.000 inmigrantes bajo custodia del ICE.<\/p>\n<p>En un comunicado, el ICE dijo que est\u00e1 \u00abfirmemente comprometido con la salud y el bienestar de todos los que est\u00e1n bajo su custodia\u00bb y que el jefe m\u00e9dico del Departamento de Seguridad Nacional \u00abest\u00e1 trabajando r\u00e1pidamente en la ampliaci\u00f3n de nuestra propia capacidad interna para vacunar a los detenidos bajo nuestro cuidado en todo el pa\u00eds\u00bb.<\/p>\n<p>El ICE describi\u00f3 previamente los procedimientos de vacunaci\u00f3n en un documento titulado\u00a0<a href=\"https:\/\/www.ice.gov\/doclib\/coronavirus\/eroCOVID19responseReqsCleanFacilities.pdf\" target=\"_blank\" rel=\"noopener\">\u00abRequisitos de respuesta a la pandemia del covid-19\u00bb<\/a>, en el que se responsabiliza a los centros de detenci\u00f3n de ponerse en contacto con el recurso de vacunaci\u00f3n de su estado, como el departamento de salud del estado o del pa\u00eds, para obtener las vacunas. El presidente de la C\u00e1mara de Representantes, Bennie Thompson, tambi\u00e9n\u00a0<a href=\"https:\/\/twitter.com\/HomelandDems\/status\/1397973890777894913\/photo\/2\" target=\"_blank\" rel=\"noopener\">pidi\u00f3 una investigaci\u00f3n<\/a>\u00a0el jueves sobre las presuntas violaciones de los requisitos de respuesta a la pandemia del ICE en el Centro de Detenci\u00f3n del Condado de Adams, en Mississippi, incluyendo el agrupamiento de los detenidos en espacios reducidos y la falta de suministros de desinfecci\u00f3n.<\/p>\n<p>Solo se ha vacunado a un n\u00famero limitado de personas, en parte debido a las diferentes orientaciones de prioridad entre los estados, dijo Johnson a los legisladores a principios de este mes.<\/p>\n<p>\u00abDebido a este tipo de variaci\u00f3n, hemos estado estudiando la posibilidad de trabajar con los CDC y el HHS para ver si podemos conseguir nuestro propio lote de vacunas y desplegarlas por todo el pa\u00eds para la poblaci\u00f3n de detenidos del ICE\u00bb, dijo Johnson.<\/p>\n<p>Hasta el 5 de mayo, 2.707 detenidos han recibido al menos una dosis de la vacuna contra el covid-19 y 1.229 detenidos\u00a0<a href=\"https:\/\/docs.house.gov\/meetings\/AP\/AP15\/20210513\/112599\/HHRG-117-AP15-Wstate-JohnsonT-20210513.pdf\" target=\"_blank\" rel=\"noopener\">est\u00e1n totalmente vacunados,<\/a>\u00a0seg\u00fan Johnson.<\/p>\n<p>Mayorkas dijo el mi\u00e9rcoles que los planes para ofrecer las vacunas contra el covid-19 a los detenidos est\u00e1n \u00aben estudio\u00bb. \u00abEs algo que estamos estudiando con mucho cuidado\u00bb, dijo Mayorkas a la representante dem\u00f3crata Lauren Underwood cuando se le pregunt\u00f3 sobre los planes de vacunar a la poblaci\u00f3n detenida durante una audiencia del subcomit\u00e9 de Asignaciones de la C\u00e1mara de Representantes.<\/p>\n<p>Pero la abogada principal del Proyecto Nacional de Prisiones de la ACLU, Eunice Hyunhye Cho, calific\u00f3 el retraso de \u00abinaceptable\u00bb.<\/p>\n<p>\u00abEs una cuesti\u00f3n literalmente de vida o muerte\u00bb, dijo Cho a CNN. \u00abEste era un asunto completamente previsible y el ICE no ha protegido a las personas que est\u00e1n bajo su custodia\u00bb.<\/p>\n<p>La ACLU esboz\u00f3 una lista de expectativas en su carta del jueves, incluyendo el suministro de vacunas contra el covid-19 en los centros de detenci\u00f3n tanto para los detenidos como para el personal, garantizando que se proporcionen materiales educativos ling\u00fc\u00edstica y culturalmente apropiados a las personas sobre la vacuna y asegur\u00e1ndose de que los detenidos reciban una vacuna poco despu\u00e9s de solicitarla.<\/p>\n<p>&nbsp;<\/p>\n<p>Fuente: CNN<\/p>\n","protected":false},"excerpt":{"rendered":"<p>\u00a0\u00a0\u00a0\u00a0\u00a0\u00a0\u00a0\u00a0\u00a0\u00a0\u00a0\u00a0\u00a0\u00a0\u00a0\u00a0\u00a0\u00a0\u00a0\u00a0\u00a0\u00a0\u00a0\u00a0\u00a0\u00a0\u00a0\u00a0\u00a0\u00a0\u00a0\u00a0\u00a0\u00a0\u00a0\u00a0\u00a0 (CNN) \u2014\u00a0 &nbsp; La Uni\u00f3n Americana de Libertades Civiles <a href=\"https:\/\/sertv.gob.pa\/nacionalfm\/aclu-insta-a-la-administracion-biden-a-ofrecer-la-vacuna-covid-19-a-los-inmigrantes-detenidos\/\"> [&#8230;]<\/a><\/p>\n","protected":false},"author":9,"featured_media":69479,"comment_status":"closed","ping_status":"closed","sticky":false,"template":"","format":"standard","meta":{"footnotes":""},"categories":[3],"tags":[],"class_list":["post-69478","post","type-post","status-publish","format-standard","has-post-thumbnail","hentry","category-internacionales"],"_links":{"self":[{"href":"https:\/\/sertv.gob.pa\/nacionalfm\/wp-json\/wp\/v2\/posts\/69478","targetHints":{"allow":["GET"]}}],"collection":[{"href":"https:\/\/sertv.gob.pa\/nacionalfm\/wp-json\/wp\/v2\/posts"}],"about":[{"href":"https:\/\/sertv.gob.pa\/nacionalfm\/wp-json\/wp\/v2\/types\/post"}],"author":[{"embeddable":true,"href":"https:\/\/sertv.gob.pa\/nacionalfm\/wp-json\/wp\/v2\/users\/9"}],"replies":[{"embeddable":true,"href":"https:\/\/sertv.gob.pa\/nacionalfm\/wp-json\/wp\/v2\/comments?post=69478"}],"version-history":[{"count":1,"href":"https:\/\/sertv.gob.pa\/nacionalfm\/wp-json\/wp\/v2\/posts\/69478\/revisions"}],"predecessor-version":[{"id":69480,"href":"https:\/\/sertv.gob.pa\/nacionalfm\/wp-json\/wp\/v2\/posts\/69478\/revisions\/69480"}],"wp:featuredmedia":[{"embeddable":true,"href":"https:\/\/sertv.gob.pa\/nacionalfm\/wp-json\/wp\/v2\/media\/69479"}],"wp:attachment":[{"href":"https:\/\/sertv.gob.pa\/nacionalfm\/wp-json\/wp\/v2\/media?parent=69478"}],"wp:term":[{"taxonomy":"category","embeddable":true,"href":"https:\/\/sertv.gob.pa\/nacionalfm\/wp-json\/wp\/v2\/categories?post=69478"},{"taxonomy":"post_tag","embeddable":true,"href":"https:\/\/sertv.gob.pa\/nacionalfm\/wp-json\/wp\/v2\/tags?post=69478"}],"curies":[{"name":"wp","href":"https:\/\/api.w.org\/{rel}","templated":true}]}}