{"id":69530,"date":"2021-05-31T16:50:43","date_gmt":"2021-05-31T16:50:43","guid":{"rendered":"https:\/\/sertv.gob.pa\/nacionalfm\/?p=69530"},"modified":"2021-05-31T16:50:43","modified_gmt":"2021-05-31T16:50:43","slug":"maduro-dice-que-covax-ofrecio-5-millones-de-vacunas-a-venezuela-para-julio","status":"publish","type":"post","link":"https:\/\/sertv.gob.pa\/nacionalfm\/maduro-dice-que-covax-ofrecio-5-millones-de-vacunas-a-venezuela-para-julio\/","title":{"rendered":"Maduro dice que Covax ofreci\u00f3 5 millones de vacunas a Venezuela para julio"},"content":{"rendered":"<p><strong><em>(CNN Espa\u00f1ol) \u2014<\/em><\/strong><em>\u00a0<\/em><\/p>\n<p>El cuestionado presidente de Venezuela, Nicol\u00e1s Maduro, dijo el domingo que el sistema Covax ofreci\u00f3 m\u00e1s de 5 millones de vacunas para julio y pidi\u00f3 a ese mecanismo la asignaci\u00f3n de las dosis de Johnson &amp; Johnson, en un momento en que el pa\u00eds sudamericano enfrenta una segunda ola de infectados.<\/p>\n<p>El mandatario agreg\u00f3 que Venezuela hizo los dos pagos al sistema, sin ofrecer detalles. En abril el gobierno dijo que hab\u00eda efectuado las cancelaciones para entrar al Fondo de Acceso Global para Vacunas Covid-19 o Covax (por su sigla en ingl\u00e9s), un programa que supervisa la Organizaci\u00f3n Mundial de la Salud (OMS) que proporciona dosis a las naciones pobres.<\/p>\n<p>\u00abEstamos a la espera que se cumpla el cronograma que se ha hablado con el sistema Covax. Ojal\u00e1, ojal\u00e1, yo tengo fe que s\u00ed se va a cumplir. Nos hab\u00edan dicho mayo, nos hab\u00edan dicho junio y ya el dinero est\u00e1 depositado. Ah\u00ed est\u00e1 el dinero para que se cobren las vacunas\u00bb, sostuvo Maduro en una alocuci\u00f3n transmitida por la televisi\u00f3n estatal.<\/p>\n<p>La Organizaci\u00f3n Panamericana de la Salud no respondi\u00f3 a una solicitud de comentarios.<\/p>\n<p>Maduro destac\u00f3 que propuso a Covax la asignaci\u00f3n de la vacuna Janssen. \u00abTambi\u00e9n nosotros estamos buscando la de Johnson &amp; Johnson, Janssen, esa la hemos pedido al sistema Covax, tambi\u00e9n de una sola postura\u00bb, agreg\u00f3.<\/p>\n<p>El gobierno no autoriz\u00f3 el uso de la vacuna AstraZeneca, una de las m\u00e1s distribuidas por Covax, argumentando \u00ablos efectos que tiene sobre pacientes\u00bb.<\/p>\n<p><strong>Las vacunas que han llegado a Venezuela<\/strong><\/p>\n<p>El domingo arribaron al pa\u00eds otras 500.000 vacunas Sputnik V, con lo cual a Venezuela, de unos 30 millones de habitantes, habr\u00edan llegado desde febrero unas 3,2 millones de vacunas rusas y chinas. El fin de semana las autoridades anunciaron una vacunaci\u00f3n masiva con un llamado \u00abcarnet de la patria\u00bb y un registro de la p\u00e1gina de internet del ministerio de Salud.<\/p>\n<p>El ministerio de Comunicaci\u00f3n no respondi\u00f3 de inmediato a una solicitud de detalles sobre la jornada que inici\u00f3 el s\u00e1bado.<\/p>\n<p>Maduro agreg\u00f3 que est\u00e1n analizando cinco casos del fronterizo estado Apure al parecer de la variante del covid-19 de India, pero que a\u00fan no est\u00e1 confirmado.<br \/>\n\u00abEstamos investigando; parece que de Colombia, por Apure, ingres\u00f3 la mutante de la India\u00bb, se\u00f1al\u00f3 el mandatario.<\/p>\n<p>En Venezuela los casos de infecciones suman 232.800, con 2.629 fallecidos. No obstante, expertos se\u00f1alan que las cifras son mayores, lo que agudiza la crisis en el sistema de salud.<\/p>\n<p>El l\u00edder opositor venezolano Juan Guaid\u00f3 pidi\u00f3 en un tuit elaborar un plan de vacunaci\u00f3n a trav\u00e9s de la mesa t\u00e9cnica de salud, entre gobierno y oposici\u00f3n, que fue creada en 2020.<\/p>\n<p>&nbsp;<\/p>\n<p>Fuente: CNN<\/p>\n","protected":false},"excerpt":{"rendered":"<p>(CNN Espa\u00f1ol) \u2014\u00a0 El cuestionado presidente de Venezuela, Nicol\u00e1s Maduro, <a href=\"https:\/\/sertv.gob.pa\/nacionalfm\/maduro-dice-que-covax-ofrecio-5-millones-de-vacunas-a-venezuela-para-julio\/\"> [&#8230;]<\/a><\/p>\n","protected":false},"author":9,"featured_media":69531,"comment_status":"closed","ping_status":"closed","sticky":false,"template":"","format":"standard","meta":{"footnotes":""},"categories":[3],"tags":[],"class_list":["post-69530","post","type-post","status-publish","format-standard","has-post-thumbnail","hentry","category-internacionales"],"_links":{"self":[{"href":"https:\/\/sertv.gob.pa\/nacionalfm\/wp-json\/wp\/v2\/posts\/69530","targetHints":{"allow":["GET"]}}],"collection":[{"href":"https:\/\/sertv.gob.pa\/nacionalfm\/wp-json\/wp\/v2\/posts"}],"about":[{"href":"https:\/\/sertv.gob.pa\/nacionalfm\/wp-json\/wp\/v2\/types\/post"}],"author":[{"embeddable":true,"href":"https:\/\/sertv.gob.pa\/nacionalfm\/wp-json\/wp\/v2\/users\/9"}],"replies":[{"embeddable":true,"href":"https:\/\/sertv.gob.pa\/nacionalfm\/wp-json\/wp\/v2\/comments?post=69530"}],"version-history":[{"count":1,"href":"https:\/\/sertv.gob.pa\/nacionalfm\/wp-json\/wp\/v2\/posts\/69530\/revisions"}],"predecessor-version":[{"id":69532,"href":"https:\/\/sertv.gob.pa\/nacionalfm\/wp-json\/wp\/v2\/posts\/69530\/revisions\/69532"}],"wp:featuredmedia":[{"embeddable":true,"href":"https:\/\/sertv.gob.pa\/nacionalfm\/wp-json\/wp\/v2\/media\/69531"}],"wp:attachment":[{"href":"https:\/\/sertv.gob.pa\/nacionalfm\/wp-json\/wp\/v2\/media?parent=69530"}],"wp:term":[{"taxonomy":"category","embeddable":true,"href":"https:\/\/sertv.gob.pa\/nacionalfm\/wp-json\/wp\/v2\/categories?post=69530"},{"taxonomy":"post_tag","embeddable":true,"href":"https:\/\/sertv.gob.pa\/nacionalfm\/wp-json\/wp\/v2\/tags?post=69530"}],"curies":[{"name":"wp","href":"https:\/\/api.w.org\/{rel}","templated":true}]}}