{"id":69591,"date":"2021-06-01T17:08:16","date_gmt":"2021-06-01T17:08:16","guid":{"rendered":"https:\/\/sertv.gob.pa\/nacionalfm\/?p=69591"},"modified":"2021-06-01T17:08:16","modified_gmt":"2021-06-01T17:08:16","slug":"la-temporada-de-huracanes-del-atlantico-2021-comienza-oficialmente-hoy","status":"publish","type":"post","link":"https:\/\/sertv.gob.pa\/nacionalfm\/la-temporada-de-huracanes-del-atlantico-2021-comienza-oficialmente-hoy\/","title":{"rendered":"La temporada de huracanes del Atl\u00e1ntico 2021 comienza oficialmente hoy"},"content":{"rendered":"<p><strong><em>(CNN) \u2014<\/em><\/strong><em>\u00a0<\/em><\/p>\n<p>&nbsp;<\/p>\n<p>La temporada de huracanes del Atl\u00e1ntico de 2021 comienza oficialmente este martes y se extender\u00e1 hasta finales de noviembre.<\/p>\n<p>La Oficina Nacional de Administraci\u00f3n Oce\u00e1nica y Atmosf\u00e9rica (<a href=\"https:\/\/cnn.it\/3hGuHK8\" target=\"_blank\" rel=\"noopener\">NOAA<\/a>, por sus siglas en ingl\u00e9s) pronostica una temporada superior al promedio, con 13 a 20 tormentas con nombre, 6 a 10 huracanes y 3 a 5 huracanes importantes (de categor\u00eda 3 o superior).<\/p>\n<p>Si las predicciones de este a\u00f1o son correctas, ser\u00eda la sexta temporada consecutiva de actividad por encima de lo normal.<\/p>\n<p>Por s\u00e9ptima temporada consecutiva, la primera tormenta nombrada del a\u00f1o ocurri\u00f3 antes de que comenzara la temporada. La\u00a0<a href=\"https:\/\/cnnespanol.cnn.com\/video\/se-forma-la-primera-tormenta-con-nombre-de-la-temporada-de-huracanes-del-atlantico\/\" target=\"_blank\" rel=\"noopener\">tormenta tropical Ana<\/a>\u00a0se form\u00f3 el 22 de mayo y se convirti\u00f3 en la primera tormenta con nombre de la temporada de huracanes del Atl\u00e1ntico de 2021.<\/p>\n<p>En este momento, no hay \u00e1reas activas de posible desarrollo tropical que est\u00e9n siendo monitoreadas por el Centro Nacional de Huracanes.<\/p>\n<p>&nbsp;<\/p>\n<p>Fuente: CNN<\/p>\n","protected":false},"excerpt":{"rendered":"<p>(CNN) \u2014\u00a0 &nbsp; La temporada de huracanes del Atl\u00e1ntico de <a href=\"https:\/\/sertv.gob.pa\/nacionalfm\/la-temporada-de-huracanes-del-atlantico-2021-comienza-oficialmente-hoy\/\"> [&#8230;]<\/a><\/p>\n","protected":false},"author":9,"featured_media":69592,"comment_status":"closed","ping_status":"closed","sticky":false,"template":"","format":"standard","meta":{"footnotes":""},"categories":[3],"tags":[],"class_list":["post-69591","post","type-post","status-publish","format-standard","has-post-thumbnail","hentry","category-internacionales"],"_links":{"self":[{"href":"https:\/\/sertv.gob.pa\/nacionalfm\/wp-json\/wp\/v2\/posts\/69591","targetHints":{"allow":["GET"]}}],"collection":[{"href":"https:\/\/sertv.gob.pa\/nacionalfm\/wp-json\/wp\/v2\/posts"}],"about":[{"href":"https:\/\/sertv.gob.pa\/nacionalfm\/wp-json\/wp\/v2\/types\/post"}],"author":[{"embeddable":true,"href":"https:\/\/sertv.gob.pa\/nacionalfm\/wp-json\/wp\/v2\/users\/9"}],"replies":[{"embeddable":true,"href":"https:\/\/sertv.gob.pa\/nacionalfm\/wp-json\/wp\/v2\/comments?post=69591"}],"version-history":[{"count":1,"href":"https:\/\/sertv.gob.pa\/nacionalfm\/wp-json\/wp\/v2\/posts\/69591\/revisions"}],"predecessor-version":[{"id":69593,"href":"https:\/\/sertv.gob.pa\/nacionalfm\/wp-json\/wp\/v2\/posts\/69591\/revisions\/69593"}],"wp:featuredmedia":[{"embeddable":true,"href":"https:\/\/sertv.gob.pa\/nacionalfm\/wp-json\/wp\/v2\/media\/69592"}],"wp:attachment":[{"href":"https:\/\/sertv.gob.pa\/nacionalfm\/wp-json\/wp\/v2\/media?parent=69591"}],"wp:term":[{"taxonomy":"category","embeddable":true,"href":"https:\/\/sertv.gob.pa\/nacionalfm\/wp-json\/wp\/v2\/categories?post=69591"},{"taxonomy":"post_tag","embeddable":true,"href":"https:\/\/sertv.gob.pa\/nacionalfm\/wp-json\/wp\/v2\/tags?post=69591"}],"curies":[{"name":"wp","href":"https:\/\/api.w.org\/{rel}","templated":true}]}}