{"id":69594,"date":"2021-06-01T17:37:37","date_gmt":"2021-06-01T17:37:37","guid":{"rendered":"https:\/\/sertv.gob.pa\/nacionalfm\/?p=69594"},"modified":"2021-06-01T17:38:36","modified_gmt":"2021-06-01T17:38:36","slug":"reino-unido-reporta-cero-muertes-diarias-por-covid-19-por-primera-vez-desde-que-comenzo-la-pandemia","status":"publish","type":"post","link":"https:\/\/sertv.gob.pa\/nacionalfm\/reino-unido-reporta-cero-muertes-diarias-por-covid-19-por-primera-vez-desde-que-comenzo-la-pandemia\/","title":{"rendered":"Reino Unido reporta cero muertes diarias por covid-19 por primera vez desde que comenz\u00f3 la pandemia"},"content":{"rendered":"<p><strong><em>(CNN) \u2014<\/em><\/strong><em>\u00a0<\/em><\/p>\n<p>&nbsp;<\/p>\n<p>Reino Unido registr\u00f3 cero muertes diarias por covid-19 por primera vez desde que comenz\u00f3 la pandemia, seg\u00fan report\u00f3 el panel de control de coronavirus del gobierno el martes.<\/p>\n<p>Las cifras de muertes en el Reino Unido se han mantenido en un solo d\u00edgito durante la \u00faltima semana y el martes es la primera vez que se registran cero muertes desde que comenz\u00f3 la pandemia seg\u00fan los c\u00e1lculos de CNN.<\/p>\n<p>En el pa\u00eds se registraron otros 3.165 casos de covid-19 seg\u00fan los mismos datos. Esto marca el s\u00e9ptimo d\u00eda consecutivo de m\u00e1s de 3.000 casos registrados en Reino Unido, mientras los cient\u00edficos advierten sobre una posible tercera ola de infecciones.<\/p>\n<p>La variante B1,617.2, identificada por primera vez en India, es ahora la cepa dominante en el Reino Unido y ahora representa hasta tres cuartas partes de los casos nuevos, seg\u00fan el Secretario de Salud del Reino Unido, Matt Hancock.<\/p>\n<p>&nbsp;<\/p>\n<p>Fuente: CNN<\/p>\n","protected":false},"excerpt":{"rendered":"<p>(CNN) \u2014\u00a0 &nbsp; Reino Unido registr\u00f3 cero muertes diarias por <a href=\"https:\/\/sertv.gob.pa\/nacionalfm\/reino-unido-reporta-cero-muertes-diarias-por-covid-19-por-primera-vez-desde-que-comenzo-la-pandemia\/\"> [&#8230;]<\/a><\/p>\n","protected":false},"author":9,"featured_media":69597,"comment_status":"closed","ping_status":"closed","sticky":false,"template":"","format":"standard","meta":{"footnotes":""},"categories":[3],"tags":[],"class_list":["post-69594","post","type-post","status-publish","format-standard","has-post-thumbnail","hentry","category-internacionales"],"_links":{"self":[{"href":"https:\/\/sertv.gob.pa\/nacionalfm\/wp-json\/wp\/v2\/posts\/69594","targetHints":{"allow":["GET"]}}],"collection":[{"href":"https:\/\/sertv.gob.pa\/nacionalfm\/wp-json\/wp\/v2\/posts"}],"about":[{"href":"https:\/\/sertv.gob.pa\/nacionalfm\/wp-json\/wp\/v2\/types\/post"}],"author":[{"embeddable":true,"href":"https:\/\/sertv.gob.pa\/nacionalfm\/wp-json\/wp\/v2\/users\/9"}],"replies":[{"embeddable":true,"href":"https:\/\/sertv.gob.pa\/nacionalfm\/wp-json\/wp\/v2\/comments?post=69594"}],"version-history":[{"count":1,"href":"https:\/\/sertv.gob.pa\/nacionalfm\/wp-json\/wp\/v2\/posts\/69594\/revisions"}],"predecessor-version":[{"id":69596,"href":"https:\/\/sertv.gob.pa\/nacionalfm\/wp-json\/wp\/v2\/posts\/69594\/revisions\/69596"}],"wp:featuredmedia":[{"embeddable":true,"href":"https:\/\/sertv.gob.pa\/nacionalfm\/wp-json\/wp\/v2\/media\/69597"}],"wp:attachment":[{"href":"https:\/\/sertv.gob.pa\/nacionalfm\/wp-json\/wp\/v2\/media?parent=69594"}],"wp:term":[{"taxonomy":"category","embeddable":true,"href":"https:\/\/sertv.gob.pa\/nacionalfm\/wp-json\/wp\/v2\/categories?post=69594"},{"taxonomy":"post_tag","embeddable":true,"href":"https:\/\/sertv.gob.pa\/nacionalfm\/wp-json\/wp\/v2\/tags?post=69594"}],"curies":[{"name":"wp","href":"https:\/\/api.w.org\/{rel}","templated":true}]}}