{"id":69607,"date":"2021-06-01T18:59:32","date_gmt":"2021-06-01T18:59:32","guid":{"rendered":"https:\/\/sertv.gob.pa\/nacionalfm\/?p=69607"},"modified":"2021-06-01T18:59:32","modified_gmt":"2021-06-01T18:59:32","slug":"objetivo-de-la-oms-10-de-la-poblacion-vacunada-para-septiembre","status":"publish","type":"post","link":"https:\/\/sertv.gob.pa\/nacionalfm\/objetivo-de-la-oms-10-de-la-poblacion-vacunada-para-septiembre\/","title":{"rendered":"Objetivo de la OMS: 10% de la poblaci\u00f3n vacunada para septiembre"},"content":{"rendered":"<p>El director general de la Organizaci\u00f3n Mundial de la Salud, Tedros Adhanom, hizo un llamado para que los pa\u00edses miembros no bajen la guardia y contin\u00faen los esfuerzos para\u00a0<a href=\"https:\/\/cnnespanol.cnn.com\/2021\/05\/31\/lo-que-sabemos-inmunidad-de-covid-19-potenciadores-de-vacunas-trax\/\" target=\"_blank\" rel=\"noopener\">vacunar a su poblaci\u00f3n<\/a>.<\/p>\n<p>Dijo que, mientras los casos de covid-19 est\u00e1n en declive a nivel global, los pa\u00edses deben seguir fortaleciendo medidas de salubridad y de vacunaci\u00f3n equitativa.<\/p>\n<p>&nbsp;<\/p>\n<p>Fuente: CNN<\/p>\n","protected":false},"excerpt":{"rendered":"<p>El director general de la Organizaci\u00f3n Mundial de la Salud, <a href=\"https:\/\/sertv.gob.pa\/nacionalfm\/objetivo-de-la-oms-10-de-la-poblacion-vacunada-para-septiembre\/\"> [&#8230;]<\/a><\/p>\n","protected":false},"author":9,"featured_media":69608,"comment_status":"closed","ping_status":"closed","sticky":false,"template":"","format":"standard","meta":{"footnotes":""},"categories":[3],"tags":[],"class_list":["post-69607","post","type-post","status-publish","format-standard","has-post-thumbnail","hentry","category-internacionales"],"_links":{"self":[{"href":"https:\/\/sertv.gob.pa\/nacionalfm\/wp-json\/wp\/v2\/posts\/69607","targetHints":{"allow":["GET"]}}],"collection":[{"href":"https:\/\/sertv.gob.pa\/nacionalfm\/wp-json\/wp\/v2\/posts"}],"about":[{"href":"https:\/\/sertv.gob.pa\/nacionalfm\/wp-json\/wp\/v2\/types\/post"}],"author":[{"embeddable":true,"href":"https:\/\/sertv.gob.pa\/nacionalfm\/wp-json\/wp\/v2\/users\/9"}],"replies":[{"embeddable":true,"href":"https:\/\/sertv.gob.pa\/nacionalfm\/wp-json\/wp\/v2\/comments?post=69607"}],"version-history":[{"count":1,"href":"https:\/\/sertv.gob.pa\/nacionalfm\/wp-json\/wp\/v2\/posts\/69607\/revisions"}],"predecessor-version":[{"id":69609,"href":"https:\/\/sertv.gob.pa\/nacionalfm\/wp-json\/wp\/v2\/posts\/69607\/revisions\/69609"}],"wp:featuredmedia":[{"embeddable":true,"href":"https:\/\/sertv.gob.pa\/nacionalfm\/wp-json\/wp\/v2\/media\/69608"}],"wp:attachment":[{"href":"https:\/\/sertv.gob.pa\/nacionalfm\/wp-json\/wp\/v2\/media?parent=69607"}],"wp:term":[{"taxonomy":"category","embeddable":true,"href":"https:\/\/sertv.gob.pa\/nacionalfm\/wp-json\/wp\/v2\/categories?post=69607"},{"taxonomy":"post_tag","embeddable":true,"href":"https:\/\/sertv.gob.pa\/nacionalfm\/wp-json\/wp\/v2\/tags?post=69607"}],"curies":[{"name":"wp","href":"https:\/\/api.w.org\/{rel}","templated":true}]}}