{"id":69636,"date":"2021-06-02T17:14:53","date_gmt":"2021-06-02T17:14:53","guid":{"rendered":"https:\/\/sertv.gob.pa\/nacionalfm\/?p=69636"},"modified":"2021-06-02T17:14:53","modified_gmt":"2021-06-02T17:14:53","slug":"el-presidente-de-el-salvador-nayib-bukele-dice-que-no-habra-marcha-atras-en-las-destituciones-de-magistrados-de-la-corte-suprema","status":"publish","type":"post","link":"https:\/\/sertv.gob.pa\/nacionalfm\/el-presidente-de-el-salvador-nayib-bukele-dice-que-no-habra-marcha-atras-en-las-destituciones-de-magistrados-de-la-corte-suprema\/","title":{"rendered":"El presidente de El Salvador Nayib Bukele dice que no habr\u00e1 \u00abmarcha atr\u00e1s\u00bb en las destituciones de magistrados de la Corte Suprema"},"content":{"rendered":"<p><em>(CNN Espa\u00f1ol) \u2014<\/em><em>\u00a0<\/em><\/p>\n<p>El presidente de El Salvador, Nayib Bukele, dice que los cambios iniciados en su gobierno no tienen \u201cmarcha atr\u00e1s\u201d y justific\u00f3 la decisi\u00f3n de la Asamblea Legislativa, de mayor\u00eda oficialista, de\u00a0<a href=\"https:\/\/cnnespanol.cnn.com\/2021\/05\/05\/bukele-diplomaticos-el-salvador-destituciones-orix\/\" target=\"_blank\" rel=\"noopener\">destituir a los magistrados<\/a>\u00a0de la Sala de lo Constitucional de la Corte Suprema de Justicia y al fiscal general el pasado 1 de mayo.<\/p>\n<p>\u201cSin las decisiones tomadas ser\u00eda imposible transformar el pa\u00eds\u201d, dijo Bukele durante su discurso por el segundo a\u00f1o de gobierno y, aunque reconoci\u00f3 que no todos estaban de acuerdo con las medidas implementadas, pidi\u00f3 respetarlas. \u201cEs nuestro derecho\u201d, se\u00f1al\u00f3 el mandatario en su discurso desde la Asamblea Legislativa, que fue transmitido en cadena nacional por televisi\u00f3n y radio.<\/p>\n<p>A ra\u00edz de las destituciones, el gobierno de El Salvador recibi\u00f3 una serie de cr\u00edticas por parte de la\u00a0<a href=\"https:\/\/cnnespanol.cnn.com\/2021\/05\/02\/destitucion-magistrados-corte-suprema-fiscal-general-el-salvador\/\" target=\"_blank\" rel=\"noopener\">comunidad internacional<\/a>. \u201cQue alguien me explique por qu\u00e9 las condenas\u201d, dijo Bukele ante los embajadores y jefes de misiones diplom\u00e1ticas, durante un encuentro en la Casa Presidencial el pasado 3 de mayo.<\/p>\n<p>La vicepresidenta de Estados Unidos, Kamala Harris, expres\u00f3 el 2 de mayo una \u201cprofunda preocupaci\u00f3n\u201d por dichas destituciones. Por su parte, Ricardo Z\u00fa\u00f1iga, enviado especial de Estados Unidos para el Tri\u00e1ngulo Norte, dijo que lo mejor era \u201crestaurar la situaci\u00f3n que exist\u00eda al 30 de abril\u201d, durante una entrevista el pasado 12 de mayo en Frente a Frente de Telecorporaci\u00f3n Salvadore\u00f1a, durante su m\u00e1s reciente visita a El Salvador.<\/p>\n<p>\u201cNunca m\u00e1s vamos a regresar al sistema que por dos siglos nos hundi\u00f3 en la delincuencia, en la corrupci\u00f3n, en la desigualdad y en la pobreza\u201d, reiter\u00f3 Bukele en la noche de este martes. \u201cMientras Dios me de fuerzas, no lo voy a permitir\u201d, agreg\u00f3.<\/p>\n<p>&nbsp;<\/p>\n<p><strong>\u00a0<\/strong><strong>Menos apoyos<\/strong><\/p>\n<p>Las destituciones han tensado la relaci\u00f3n entre El Salvador y Estados Unidos. Incluso la Agencia de Estados Unidos para el Desarrollo Internacional (USAID, por sus siglas en ingl\u00e9s) anunci\u00f3 el pasado 21 de mayo que reorientar\u00eda hacia organizaciones no gubernamentales la ayuda financiera que recib\u00edan instituciones como la Fiscal\u00eda General, la Corte Suprema de Justicia o el Instituto de Acceso a la Informaci\u00f3n P\u00fablica.<\/p>\n<p>De hecho, Jean Manes, encargada de negocios de la Embajada de Estados Unidos en El Salvador, reiter\u00f3 este martes, en su arribo al aeropuerto del pa\u00eds centroamericano, que para seguir recibiendo apoyo es importante el \u201cestado de derecho, la separaci\u00f3n de poderes, un sistema judicial confiable y una prensa independiente\u201d.<\/p>\n<p>Sin embargo, Bukele asegur\u00f3 que los cambios perpetrados son \u201clos que el pueblo pidi\u00f3\u201d, y que este martes dio inicio a una nueva fase en la que inst\u00f3 a la sociedad a defender los cambios. \u201cNo podemos permitir que nadie nos quite lo logrado\u201d, asegur\u00f3 Bukele minutos antes de pedirle a los diputados -de mayor\u00eda oficialista- y a los presentes en la Asamblea, \u201cjurar\u201d que defender\u00e1n lo conquistado y \u201cluchar pac\u00edficamente contra todo enemigo, obst\u00e1culo y barrera\u201d.<\/p>\n<p>&nbsp;<\/p>\n<p>Fuente: CNN<\/p>\n","protected":false},"excerpt":{"rendered":"<p>(CNN Espa\u00f1ol) \u2014\u00a0 El presidente de El Salvador, Nayib Bukele, <a href=\"https:\/\/sertv.gob.pa\/nacionalfm\/el-presidente-de-el-salvador-nayib-bukele-dice-que-no-habra-marcha-atras-en-las-destituciones-de-magistrados-de-la-corte-suprema\/\"> [&#8230;]<\/a><\/p>\n","protected":false},"author":9,"featured_media":69637,"comment_status":"closed","ping_status":"closed","sticky":false,"template":"","format":"standard","meta":{"footnotes":""},"categories":[3],"tags":[],"class_list":["post-69636","post","type-post","status-publish","format-standard","has-post-thumbnail","hentry","category-internacionales"],"_links":{"self":[{"href":"https:\/\/sertv.gob.pa\/nacionalfm\/wp-json\/wp\/v2\/posts\/69636","targetHints":{"allow":["GET"]}}],"collection":[{"href":"https:\/\/sertv.gob.pa\/nacionalfm\/wp-json\/wp\/v2\/posts"}],"about":[{"href":"https:\/\/sertv.gob.pa\/nacionalfm\/wp-json\/wp\/v2\/types\/post"}],"author":[{"embeddable":true,"href":"https:\/\/sertv.gob.pa\/nacionalfm\/wp-json\/wp\/v2\/users\/9"}],"replies":[{"embeddable":true,"href":"https:\/\/sertv.gob.pa\/nacionalfm\/wp-json\/wp\/v2\/comments?post=69636"}],"version-history":[{"count":2,"href":"https:\/\/sertv.gob.pa\/nacionalfm\/wp-json\/wp\/v2\/posts\/69636\/revisions"}],"predecessor-version":[{"id":69639,"href":"https:\/\/sertv.gob.pa\/nacionalfm\/wp-json\/wp\/v2\/posts\/69636\/revisions\/69639"}],"wp:featuredmedia":[{"embeddable":true,"href":"https:\/\/sertv.gob.pa\/nacionalfm\/wp-json\/wp\/v2\/media\/69637"}],"wp:attachment":[{"href":"https:\/\/sertv.gob.pa\/nacionalfm\/wp-json\/wp\/v2\/media?parent=69636"}],"wp:term":[{"taxonomy":"category","embeddable":true,"href":"https:\/\/sertv.gob.pa\/nacionalfm\/wp-json\/wp\/v2\/categories?post=69636"},{"taxonomy":"post_tag","embeddable":true,"href":"https:\/\/sertv.gob.pa\/nacionalfm\/wp-json\/wp\/v2\/tags?post=69636"}],"curies":[{"name":"wp","href":"https:\/\/api.w.org\/{rel}","templated":true}]}}